{"id":67796,"date":"2019-11-17T14:50:02","date_gmt":"2019-11-17T19:50:02","guid":{"rendered":"https:\/\/linitiative.ca\/International\/cote-divoire-un-concours-miss-nappy-pour-promouvoir-les-cheveux-naturels\/"},"modified":"2019-11-17T14:50:02","modified_gmt":"2019-11-17T19:50:02","slug":"cote-divoire-un-concours-miss-nappy-pour-promouvoir-les-cheveux-naturels","status":"publish","type":"post","link":"https:\/\/linitiative.ca\/International\/cote-divoire-un-concours-miss-nappy-pour-promouvoir-les-cheveux-naturels\/","title":{"rendered":"C\u00f4te d\u2019Ivoire: un concours \u00ab\u00a0Miss Nappy\u00a0\u00bb pour promouvoir les cheveux naturels"},"content":{"rendered":"<div readability=\"32\">\n<p>Publi\u00e9 le 17.11.2019 \u00e0 20h50 par AFP<\/p>\n<\/div>\n<div readability=\"71\">\n<p>La deuxi\u00e8me \u00e9dition du concours Miss Nappy, qui fait la promotion des cheveux cr\u00e9pus, s\u2019est d\u00e9roul\u00e9e samedi dans un h\u00f4tel \u00e0 Abidjan, couronnant une \u00e9tudiante de 23 ans, a constat\u00e9 une journaliste de l\u2019AFP.<\/p>\n<p>\u00ab\u00a0Le concours Miss Nappy est l\u00e0 pour se r\u00e9approprier la culture et puis aider les jeunes filles \u00e0 s\u2019assumer telles qu\u2019elles sont, \u00e0 assumer leurs cheveux naturels, \u00e0 assumer leur peau\u00a0\u00bb, a affirm\u00e9 \u00e0 l\u2019AFP Sandrine Kon\u00e9, initiatrice de Miss Nappy.<\/p>\n<p>\u00ab\u00a0L\u2019id\u00e9e c\u2019est de ne pas chercher \u00e0 ressembler aux cheveux caucasiens, d\u2019assumer d\u2019avoir les cheveux cr\u00e9pus\u00a0\u00bb, a-t-elle insist\u00e9.<\/p>\n<p>Nappy est la contraction de \u00ab\u00a0Natural\u00a0\u00bb et \u00ab\u00a0Happy\u00a0\u00bb (content) en anglais, qui traduit la volont\u00e9 de s\u2019\u00e9manciper du mod\u00e8le blanc dominant: cheveux lisses, perruques, peau \u00e9claircie\u2026<\/p>\n<p>Tr\u00e8s peu maquill\u00e9es et les cheveux au vent, les candidates, dont l\u2019\u00e2ge variait entre 18 et 25 ans, se sont succ\u00e9d\u00e9es \u00e0 trois reprises sur le podium face aux six membres du jury.<\/p>\n<p>Le jury et le public, qui a vot\u00e9 par messagerie, ont d\u00e9sign\u00e9 comme laur\u00e9ate 2019 C\u00e9cila Trokpossou, 23 ans, 1 m 76, \u00e9tudiante.<\/p>\n<\/div>\n<p>Auteur: AFP<br \/>\n<a href=\"https:\/\/www.journalducameroun.com\/cote-divoire-un-concours-miss-nappy-pour-promouvoir-les-cheveux-naturels\/\">Cliquez ici pour lire l&rsquo;article depuis sa source.<\/a><\/p>\n","protected":false},"excerpt":{"rendered":"<p>Publi\u00e9 le 17.11.2019 \u00e0 20h50 par AFP La deuxi\u00e8me \u00e9dition du concours Miss Nappy, qui fait la promotion des cheveux cr\u00e9pus, s\u2019est d\u00e9roul\u00e9e samedi dans un h\u00f4tel \u00e0 Abidjan, couronnant une \u00e9tudiante de 23 ans, a constat\u00e9 une journaliste de l\u2019AFP. \u00ab\u00a0Le concours Miss Nappy est l\u00e0 pour se r\u00e9approprier la culture et puis aider [&hellip;]<\/p>\n","protected":false},"author":1965,"featured_media":0,"comment_status":"closed","ping_status":"closed","sticky":false,"template":"","format":"standard","meta":{"fifu_image_url":"","fifu_image_alt":"","footnotes":""},"categories":[73,82],"tags":[],"class_list":["post-67796","post","type-post","status-publish","format-standard","hentry","category-actualite","category-cameroun"],"_links":{"self":[{"href":"https:\/\/linitiative.ca\/International\/wp-json\/wp\/v2\/posts\/67796","targetHints":{"allow":["GET"]}}],"collection":[{"href":"https:\/\/linitiative.ca\/International\/wp-json\/wp\/v2\/posts"}],"about":[{"href":"https:\/\/linitiative.ca\/International\/wp-json\/wp\/v2\/types\/post"}],"author":[{"embeddable":true,"href":"https:\/\/linitiative.ca\/International\/wp-json\/wp\/v2\/users\/1965"}],"replies":[{"embeddable":true,"href":"https:\/\/linitiative.ca\/International\/wp-json\/wp\/v2\/comments?post=67796"}],"version-history":[{"count":0,"href":"https:\/\/linitiative.ca\/International\/wp-json\/wp\/v2\/posts\/67796\/revisions"}],"wp:attachment":[{"href":"https:\/\/linitiative.ca\/International\/wp-json\/wp\/v2\/media?parent=67796"}],"wp:term":[{"taxonomy":"category","embeddable":true,"href":"https:\/\/linitiative.ca\/International\/wp-json\/wp\/v2\/categories?post=67796"},{"taxonomy":"post_tag","embeddable":true,"href":"https:\/\/linitiative.ca\/International\/wp-json\/wp\/v2\/tags?post=67796"}],"curies":[{"name":"wp","href":"https:\/\/api.w.org\/{rel}","templated":true}]}}