{"id":67797,"date":"2019-11-17T15:18:03","date_gmt":"2019-11-17T20:18:03","guid":{"rendered":"https:\/\/linitiative.ca\/International\/eliminatoires-can-2021-le-congo-atomise-la-guinee-bissau-3-0\/"},"modified":"2019-11-17T15:18:03","modified_gmt":"2019-11-17T20:18:03","slug":"eliminatoires-can-2021-le-congo-atomise-la-guinee-bissau-3-0","status":"publish","type":"post","link":"https:\/\/linitiative.ca\/International\/eliminatoires-can-2021-le-congo-atomise-la-guinee-bissau-3-0\/","title":{"rendered":"\u00c9liminatoires CAN 2021 :le Congo atomise la Guin\u00e9e Bissau (3-0)"},"content":{"rendered":"<div readability=\"32\">\n<p>Publi\u00e9 le 17.11.2019 \u00e0 21h18 par APA News<\/p>\n<\/div>\n<div readability=\"55\">\n<p>Le Congo s\u2019est relanc\u00e9 apr\u00e8s sa large victoire sur la Guin\u00e9e Bissau (3-0) ce dimanche au stade Alphonse Massamba-D\u00e9bat de Brazzaville en match comptant pour la deuxi\u00e8me journ\u00e9e des \u00e9liminatoires Coupe d\u2019Afrique des Nations (Cameroun 2021).Apr\u00e8s sa d\u00e9faite inaugurale contre le S\u00e9n\u00e9gal 2-0 il y a trois jours \u00e0 Dakar, le Congo s\u2019est repris en battant le Liberia sur le score sans appel de trois buts \u00e0 z\u00e9ro. Le festival des Diables rouge d\u00e9bute \u00e0 la 10\u00e8me minute de jeu avec l\u2019ouverture du score du buteur maison Prince Vinny Ibara. Un but qui va piquer les Djurtus qui r\u00e9agissent sans pour autant revenir au score. A la pause, les hommes de Valdo virent en t\u00eate.<\/p>\n<p>Au retour des vestiaires, l\u2019\u00e9quipe congolaise sous l\u2019impulsion de son public, va prendre le dessus sur l\u2019\u00e9quipe bissau- guin\u00e9enne \u00e0 la ramasse et double le score \u00e0 la 75\u00e8me \u00a0minute par le num\u00e9ro Silv\u00e8re Ganvoula apr\u00e8s un excellent travail du Junior Maki\u00e9ss\u00e9.<\/p>\n<p>Passeur sur le second but, Junior Maki\u00e9ss\u00e9 cl\u00f4t le festival des locaux en marquant le troisi\u00e8me but \u00e0 la 77\u00e8me minute de jeu<\/p>\n<p>Gr\u00e2ce \u00e0 cette brillante victoire, le Congo rejoint la Guin\u00e9e Bissau \u00e0 la deuxi\u00e8me place de la poule avec trois points.\u00a0<\/p>\n<p>En t\u00eate de cette poule, on retrouve S\u00e9n\u00e9gal avec 6 points apr\u00e8s sa seconde victoire acquise en d\u00e9placement face \u00e0 l\u2019Eswatini (1-4).<\/p>\n<\/div>\n<p>Auteur: APA News<br \/>\n<a href=\"https:\/\/www.journalducameroun.com\/eliminatoires-can-2021-le-congo-atomise-la-guinee-bissau-3-0\/\">Cliquez ici pour lire l&rsquo;article depuis sa source.<\/a><\/p>\n","protected":false},"excerpt":{"rendered":"<p>Publi\u00e9 le 17.11.2019 \u00e0 21h18 par APA News Le Congo s\u2019est relanc\u00e9 apr\u00e8s sa large victoire sur la Guin\u00e9e Bissau (3-0) ce dimanche au stade Alphonse Massamba-D\u00e9bat de Brazzaville en match comptant pour la deuxi\u00e8me journ\u00e9e des \u00e9liminatoires Coupe d\u2019Afrique des Nations (Cameroun 2021).Apr\u00e8s sa d\u00e9faite inaugurale contre le S\u00e9n\u00e9gal 2-0 il y a trois [&hellip;]<\/p>\n","protected":false},"author":1965,"featured_media":0,"comment_status":"closed","ping_status":"closed","sticky":false,"template":"","format":"standard","meta":{"fifu_image_url":"","fifu_image_alt":"","footnotes":""},"categories":[73,82],"tags":[],"class_list":["post-67797","post","type-post","status-publish","format-standard","hentry","category-actualite","category-cameroun"],"_links":{"self":[{"href":"https:\/\/linitiative.ca\/International\/wp-json\/wp\/v2\/posts\/67797","targetHints":{"allow":["GET"]}}],"collection":[{"href":"https:\/\/linitiative.ca\/International\/wp-json\/wp\/v2\/posts"}],"about":[{"href":"https:\/\/linitiative.ca\/International\/wp-json\/wp\/v2\/types\/post"}],"author":[{"embeddable":true,"href":"https:\/\/linitiative.ca\/International\/wp-json\/wp\/v2\/users\/1965"}],"replies":[{"embeddable":true,"href":"https:\/\/linitiative.ca\/International\/wp-json\/wp\/v2\/comments?post=67797"}],"version-history":[{"count":0,"href":"https:\/\/linitiative.ca\/International\/wp-json\/wp\/v2\/posts\/67797\/revisions"}],"wp:attachment":[{"href":"https:\/\/linitiative.ca\/International\/wp-json\/wp\/v2\/media?parent=67797"}],"wp:term":[{"taxonomy":"category","embeddable":true,"href":"https:\/\/linitiative.ca\/International\/wp-json\/wp\/v2\/categories?post=67797"},{"taxonomy":"post_tag","embeddable":true,"href":"https:\/\/linitiative.ca\/International\/wp-json\/wp\/v2\/tags?post=67797"}],"curies":[{"name":"wp","href":"https:\/\/api.w.org\/{rel}","templated":true}]}}