{"id":67799,"date":"2019-11-17T16:50:03","date_gmt":"2019-11-17T21:50:03","guid":{"rendered":"https:\/\/linitiative.ca\/International\/les-tcheques-et-les-slovaques-marquent-les-30-ans-de-la-revolution-de-velours\/"},"modified":"2019-11-17T16:50:03","modified_gmt":"2019-11-17T21:50:03","slug":"les-tcheques-et-les-slovaques-marquent-les-30-ans-de-la-revolution-de-velours","status":"publish","type":"post","link":"https:\/\/linitiative.ca\/International\/les-tcheques-et-les-slovaques-marquent-les-30-ans-de-la-revolution-de-velours\/","title":{"rendered":"Les Tch\u00e8ques et les Slovaques marquent les 30 ans de la R\u00e9volution de velours"},"content":{"rendered":"<p>Le premier ministre milliardaire tch\u00e8que a regrett\u00e9 dimanche son pass\u00e9 communiste et la pr\u00e9sidente lib\u00e9rale slovaque a salu\u00e9 les sacrifices des anciens dissidents, \u00e0 l\u2019occasion du 30e anniversaire de la R\u00e9volution de velours qui a renvers\u00e9 le communisme en ex-Tch\u00e9coslovaquie.<\/p>\n<p>La chef de l\u2019Etat slovaque Zuzana Caputova, ancienne militante \u00e9cologiste, et le Premier ministre tch\u00e8que Andrej Babis ont rendu hommage \u00e0 la r\u00e9volution pacifique qui a ouvert la voie \u00e0 la d\u00e9mocratie et \u00e0 l\u2019ind\u00e9pendance de leurs pays.<\/p>\n<p>Cependant, trois d\u00e9cennies pass\u00e9es, les Tch\u00e8ques et les Slovaques descendent \u00e0 nouveau dans la rue, craignant que la corruption g\u00e9n\u00e9ralis\u00e9e et des hommes politiques au pass\u00e9 communiste ne rongent leur d\u00e9mocratie.<\/p>\n<p>Quelque 250.000 personnes ont manifest\u00e9 samedi \u00e0 Prague pour r\u00e9clamer la d\u00e9mission de M. Babis, fragilis\u00e9 par des accusations de corruption.<\/p>\n<p>Le chef du gouvernement tch\u00e8que a d\u00e9clar\u00e9 dimanche regretter d\u2019avoir adh\u00e9r\u00e9 dans le pass\u00e9 au parti communiste.<\/p>\n<p>\u00ab\u00a0Comme vous le savez s\u00fbrement, j\u2019\u00e9tais membre du Parti communiste. Je ne suis pas fier de cela\u00a0\u00bb, a d\u00e9clar\u00e9 M. Babis lors des c\u00e9r\u00e9monies auxquelles ont assist\u00e9 ses homologues hongrois, polonais et slovaque, ainsi que le pr\u00e9sident du parlement allemand Wolfgang Schaeuble.<\/p>\n<p>Il a reconnu n\u2019avoir pas \u00e9t\u00e9 \u00ab\u00a0aussi courageux et engag\u00e9 que Vaclav Havel\u00a0\u00bb, le dramaturge et dissident longtemps emprisonn\u00e9 par le r\u00e9gime communiste, devenu pr\u00e9sident apr\u00e8s la r\u00e9volution de velours, et mort en 2011.<\/p>\n<p>\u00ab\u00a0Je suis l\u00e0 aujourd\u2019hui, Premier ministre \u00e9lu dans un scrutin libre et d\u00e9mocratique. Je souhaite donc, au moins maintenant, exprimer ma gratitude et mon humilit\u00e9\u00a0\u00bb, a ajout\u00e9 M. Babis dont le cabinet minoritaire s\u2019appuie sur le soutien tacite des d\u00e9put\u00e9s du parti communiste.<\/p>\n<p>S\u2019exprimant devant le m\u00e9morial \u00e0 Bratislava d\u00e9di\u00e9 \u00e0 quelque 400 Slovaques tu\u00e9s \u00e0 l\u2019\u00e9poque en tentant de fuir vers l\u2019Autriche voisine, la pr\u00e9sidente Caputova a de son c\u00f4t\u00e9 salu\u00e9 les \u00ab\u00a0prisonniers de l\u2019\u00e8re communiste\u00a0\u00bb.<\/p>\n<p>\u00ab\u00a0En se battant pour votre propre libert\u00e9 vous nous avez apport\u00e9 la n\u00f4tre\u00a0\u00bb, a-t-elle soulign\u00e9.<\/p>\n<p>Militante anti-corruption et \u00e9cologiste de 46 ans, Mme Caputova a \u00e9t\u00e9 \u00e9lue pr\u00e9sidente en mars, apr\u00e8s des manifestations massives provoqu\u00e9es par l\u2019assassinat du journaliste d\u2019investigation Jan Kuciak, abattu en 2018 alors qu\u2019il enqu\u00eatait sur la corruption de haut niveau.<\/p>\n<p>\u00ab\u00a0La d\u00e9mocratie est une opportunit\u00e9, pas une garantie de succ\u00e8s\u00a0\u00bb, a averti Mme Caputova, samedi.<\/p>\n<p>Les Tch\u00e8ques ont allum\u00e9 dimanche un parterre de bougies au pied du m\u00e9morial \u00e0 la R\u00e9volution de velours \u00e0 Prague.<\/p>\n<p>Svatopluk Cerny, sp\u00e9cialiste en technologies de l\u2019information, 53 ans, a d\u00e9clar\u00e9 \u00e0 l\u2019AFP que, bien que l\u2019ann\u00e9e 1989 ait apport\u00e9 \u00ab\u00a0un changement radical\u00a0\u00bb dans le domaine de la libert\u00e9, \u00ab\u00a0de nombreuses chances ont \u00e9t\u00e9 rat\u00e9es (\u2026) que ce soit en politique ou dans l\u2019environnement\u00a0\u00bb.<\/p>\n<p>Plusieurs milliers de personnes ont fait sonner leurs cl\u00e9s et allum\u00e9 leurs portables dans le centre de Bratislava pour demander que justice soit rendue dans l\u2019affaire du journaliste assassin\u00e9.<\/p>\n<p>Selon Jan Budaj, ancien dissident devenu d\u00e9put\u00e9 de l\u2019opposition conservatrice, \u00ab\u00a0la libert\u00e9 a \u00e9t\u00e9 atteinte mais il s\u2019agit maintenant de lutter pour la justice et pour un Etat de droit qui fonctionne\u00a0\u00bb.<\/p>\n<p>\u2013 Communistes, populistes \u2013<\/p>\n<p>Les responsables politiques enracin\u00e9s dans l\u2019\u00e9poque communiste n\u2019ont jamais disparu et rejoignent souvent les populistes de Prague et de Bratislava.<\/p>\n<p>Andrej Babis a pris ses fonctions en 2017 apr\u00e8s la victoire \u00e9lectorale de sa formation populiste ANO promettant la lutte contre la corruption en R\u00e9publique tch\u00e8que.<\/p>\n<p>Ancien communiste, M. Babis est confront\u00e9 aujourd\u2019hui \u00e0 une s\u00e9rie d\u2019accusations de corruption et \u00e0 une enqu\u00eate de la Commission europ\u00e9enne sur un conflit d\u2019int\u00e9r\u00eats possible autour de son holding Agrofert regroupant diff\u00e9rentes activit\u00e9s dans ses vastes exploitations agricoles, dans les m\u00e9dias et dans le secteur chimique.<\/p>\n<p>M. Babis a \u00e9t\u00e9 aussi identifi\u00e9 comme agent dans des dossiers secrets de la police communiste des ann\u00e9es 1980.<\/p>\n<p>Le chef du gouvernement tch\u00e8que rejette ces accusations.<\/p>\n<p>L\u2019ann\u00e9e derni\u00e8re, la Slovaquie a connu ses plus grandes manifestations depuis la R\u00e9volution de velours, d\u00e9clench\u00e9es par l\u2019assassinat de Jan Kuciak.<\/p>\n<p>Avec un pass\u00e9 communiste, Robert Fico, \u00e0 la t\u00eate des sociaux-d\u00e9mocrates populistes au pouvoir en Slovaquie, a \u00e9t\u00e9 contraint de d\u00e9missionner du poste de Premier ministre apr\u00e8s ce meurtre, mais son parti Smer-SD est toujours donn\u00e9 favori des \u00e9lections l\u00e9gislatives en f\u00e9vrier.<\/p>\n<p>Le vendredi 17 novembre 1989, la police tch\u00e9coslovaque avait dispers\u00e9 brutalement une marche d\u2019\u00e9tudiants, ce qui avait d\u00e9clench\u00e9 leur gr\u00e8ve le lendemain, et la cr\u00e9ation d\u2019un mouvement d\u2019opposition qui avait n\u00e9goci\u00e9 l\u2019abandon du pouvoir par le Parti communiste.<\/p>\n<p>\u00c0 la fin de d\u00e9cembre 1989, Vaclav Havel, alors chef de l\u2019opposition, avait \u00e9t\u00e9 \u00e9lu pr\u00e9sident de la Tch\u00e9coslovaquie. Le pays s\u2019\u00e9tait ensuite divis\u00e9 pacifiquement en R\u00e9publique tch\u00e8que et Slovaquie en 1993.<\/p>\n<p>Auteur: AFP<br \/>\n<a href=\"https:\/\/www.journalducameroun.com\/les-tcheques-et-les-slovaques-marquent-les-30-ans-de-la-revolution-de-velours\/\">Cliquez ici pour lire l&rsquo;article depuis sa source.<\/a><\/p>\n","protected":false},"excerpt":{"rendered":"<p>Le premier ministre milliardaire tch\u00e8que a regrett\u00e9 dimanche son pass\u00e9 communiste et la pr\u00e9sidente lib\u00e9rale slovaque a salu\u00e9 les sacrifices des anciens dissidents, \u00e0 l\u2019occasion du 30e anniversaire de la R\u00e9volution de velours qui a renvers\u00e9 le communisme en ex-Tch\u00e9coslovaquie. La chef de l\u2019Etat slovaque Zuzana Caputova, ancienne militante \u00e9cologiste, et le Premier ministre tch\u00e8que [&hellip;]<\/p>\n","protected":false},"author":1965,"featured_media":0,"comment_status":"closed","ping_status":"closed","sticky":false,"template":"","format":"standard","meta":{"fifu_image_url":"","fifu_image_alt":"","footnotes":""},"categories":[73,82],"tags":[],"class_list":["post-67799","post","type-post","status-publish","format-standard","hentry","category-actualite","category-cameroun"],"_links":{"self":[{"href":"https:\/\/linitiative.ca\/International\/wp-json\/wp\/v2\/posts\/67799","targetHints":{"allow":["GET"]}}],"collection":[{"href":"https:\/\/linitiative.ca\/International\/wp-json\/wp\/v2\/posts"}],"about":[{"href":"https:\/\/linitiative.ca\/International\/wp-json\/wp\/v2\/types\/post"}],"author":[{"embeddable":true,"href":"https:\/\/linitiative.ca\/International\/wp-json\/wp\/v2\/users\/1965"}],"replies":[{"embeddable":true,"href":"https:\/\/linitiative.ca\/International\/wp-json\/wp\/v2\/comments?post=67799"}],"version-history":[{"count":0,"href":"https:\/\/linitiative.ca\/International\/wp-json\/wp\/v2\/posts\/67799\/revisions"}],"wp:attachment":[{"href":"https:\/\/linitiative.ca\/International\/wp-json\/wp\/v2\/media?parent=67799"}],"wp:term":[{"taxonomy":"category","embeddable":true,"href":"https:\/\/linitiative.ca\/International\/wp-json\/wp\/v2\/categories?post=67799"},{"taxonomy":"post_tag","embeddable":true,"href":"https:\/\/linitiative.ca\/International\/wp-json\/wp\/v2\/tags?post=67799"}],"curies":[{"name":"wp","href":"https:\/\/api.w.org\/{rel}","templated":true}]}}