{"id":67801,"date":"2019-11-18T03:00:14","date_gmt":"2019-11-18T08:00:14","guid":{"rendered":"https:\/\/linitiative.ca\/International\/fete-de-lindependance-ou-la-victoire-dun-roi-et-de-son-peuple\/"},"modified":"2019-11-18T03:00:14","modified_gmt":"2019-11-18T08:00:14","slug":"fete-de-lindependance-ou-la-victoire-dun-roi-et-de-son-peuple","status":"publish","type":"post","link":"https:\/\/linitiative.ca\/International\/fete-de-lindependance-ou-la-victoire-dun-roi-et-de-son-peuple\/","title":{"rendered":"F\u00eate de l\u2019Ind\u00e9pendance, ou la victoire  d\u2019un Roi et de son peuple"},"content":{"rendered":"<p><img decoding=\"async\" class=\"post_layout_5_img\" src=\"http:\/\/aujourdhui.ma\/wp-content\/uploads\/2019\/11\/Sm-le-roi-Mohammed-V-20-aout.jpg?x29840\" alt=\"F\u00eate de l\u2019Ind\u00e9pendance, ou la victoire d\u2019un Roi et de son peuple\"\/><\/p>\n<p class=\"p1\"><span class=\"c4\"><strong><em>Il y a 64 ans, le Maroc se lib\u00e9rait du joug colonial<\/em><\/strong><\/span><span id=\"more-323599\"\/><\/p>\n<p class=\"p1\"><span class=\"s1\">Le Maroc c\u00e9l\u00e8bre le 64e anniversaire de son ind\u00e9pendance. Plus de six d\u00e9cennies se sont \u00e9coul\u00e9es depuis la victoire marocaine contre les forces d\u2019occupation \u00e9trang\u00e8res. Une victoire qui demeure toujours vive dans les m\u00e9moires de tous les Marocains. Si le Maroc c\u00e9l\u00e8bre chaque ann\u00e9e cet \u00e9v\u00e9nement avec la m\u00eame vigueur, c\u2019est principalement pour que les g\u00e9n\u00e9rations montantes puissent se rappeler les sacrifices consentis pour recouvrir l\u2019ind\u00e9pendance du pays.<\/span><\/p>\n<p class=\"p1\"><span class=\"s1\">Une ind\u00e9pendance rendue possible par la lutte d\u2019une Monarchie et un peuple en parfaite symbiose. Ainsi, c\u2019est avec une grande fiert\u00e9 que le peuple marocain et la famille de la r\u00e9sistance et de l\u2019arm\u00e9e de lib\u00e9ration comm\u00e9morent chaque mois de novembre la F\u00eate de l\u2019Ind\u00e9pendance qui symbolise le triomphe de la volont\u00e9 du Tr\u00f4ne et du peuple dans la lutte nationale pour la libert\u00e9 et l\u2019unit\u00e9. L\u2019un des moments forts de cette lib\u00e9ration fut sans nul doute le retour triomphal de l\u2019exil de Feu SM Mohammed V, h\u00e9ros de la lib\u00e9ration nationale, et de son compagnon de lutte, Feu SM Hassan II, ainsi que les membres de l\u2019illustre Famille Royale. Alors que l\u2019ind\u00e9pendance officielle du Maroc a \u00e9t\u00e9 proclam\u00e9e en 1956, la lutte pour cette ind\u00e9pendance avait commenc\u00e9 tr\u00e8s t\u00f4t. Une lutte qui allait d\u2019ailleurs franchir un nouveau palier d\u00e8s les ann\u00e9es quarante avec la pr\u00e9sentation, le 11 janvier 1944, du Manifeste de l\u2019Ind\u00e9pendance.<\/span><\/p>\n<p class=\"p1\"><span class=\"s1\">Dans le m\u00eame sens, la visite historique de Feu SM Mohammed V \u00e0 Tanger, marqu\u00e9e par un discours royal historique sur l\u2019unit\u00e9 du Maroc, allait donner le d\u00e9part, en quelque sorte, officiel de la marche pour la lib\u00e9ration du pays du joug colonial. Face \u00e0 la forte mobilisation populaire, les forces coloniales allaient commettre une grave erreur acc\u00e9l\u00e9rant le processus de lib\u00e9ration. En ao\u00fbt 1953, la tension entre les occupants et la r\u00e9sistance marocaine a atteint son paroxysme lorsque le colonisateur a pris la d\u00e9cision d\u2019exiler le symbole de la Nation, Feu SM Mohammed V, son compagnon de lutte Feu SM Hassan II et le reste de la Famille Royale. Aussit\u00f4t, une r\u00e9volution allait \u00e9clater sans jamais cesser jusqu\u2019\u00e0 ce que les colons aient \u00e9t\u00e9 bannis \u00e0 jamais du territoire national. La lutte populaire s\u2019est traduite, en effet, par la multiplication et l\u2019extension des op\u00e9rations de lutte et le lancement des op\u00e9rations de l\u2019arm\u00e9e de la lib\u00e9ration. La r\u00e9sistance \u00e9tait telle que les autorit\u00e9s coloniales n\u2019ont trouv\u00e9 d\u2019autres moyens que de faciliter le retour glorieux de Feu SM Mohammed V \u00e0 la m\u00e8re-patrie.<\/span><\/p>\n<p class=\"p1\"><span class=\"s1\">Apr\u00e8s le discours de Tanger, le Sultan Mohammed Ben Youssef allait prononcer un nouveau discours synonyme d\u2019une nouvelle \u00e9tape. En effet, un discours royal a \u00e9t\u00e9 prononc\u00e9 dans la r\u00e9gion<span class=\"Apple-converted-space\">\u00a0<\/span> Sud du pays, \u00e0 M\u2019Hamid El Ghizlane plus exactement. C\u2019est en pr\u00e9sence de repr\u00e9sentants des tribus du Sahara marocain que la lutte pour l\u2019ind\u00e9pendance totale du territoire, tout le territoire allait passer \u00e0 une autre \u00e9tape avec comme objectif le recouvrement des terres marocaines spoli\u00e9es au Sahara. Les victoires allaient s\u2019encha\u00eener avec notamment la r\u00e9cup\u00e9ration de Tarfaya en avril 1958.<\/span><\/p>\n<p class=\"p1\"><span class=\"s1\">Apr\u00e8s le d\u00e9c\u00e8s de SM Mohammed V, le flambeau de la lib\u00e9ration a \u00e9t\u00e9 repris par Feu SM Hassan II pour le parach\u00e8vement de l\u2019unit\u00e9 territoriale. Ainsi, Sidi Ifni est revnue \u00e0 la m\u00e8re-patrie en 1969 puis le reste des provinces du Sud en 1975 et enfin la province de Oued Eddahab le 14 ao\u00fbt 1979. Avec la comm\u00e9moration du 64e anniversaire de l\u2019ind\u00e9pendance, le Maroc et les Marocains gardent la m\u00eame mobilisation derri\u00e8re SM le Roi Mohammed VI, pour hisser le Maroc parmi les nations vivant dans la prosp\u00e9rit\u00e9 et le d\u00e9veloppement, toujours selon la m\u00eame symbiose qui r\u00e9unit un Roi et son peuple.<\/span><\/p>\n<p class=\"p1\"><strong><span class=\"s1 c5\">N\u00e9gociations<\/span><\/strong><\/p>\n<p class=\"p1\"><a href=\"http:\/\/aujourdhui.ma\/wp-content\/uploads\/2019\/11\/Sahara-Maroc.jpg?x29840\"><img loading=\"lazy\" decoding=\"async\" class=\"wp-image-323602 alignleft\" src=\"http:\/\/aujourdhui.ma\/wp-content\/uploads\/2019\/11\/Sahara-Maroc.jpg?x29840\" alt=\"\" width=\"311\" height=\"158\" srcset=\"http:\/\/aujourdhui.ma\/wp-content\/uploads\/2019\/11\/Sahara-Maroc.jpg 746w, http:\/\/aujourdhui.ma\/wp-content\/uploads\/2019\/11\/Sahara-Maroc-300x153.jpg 300w\" sizes=\"auto, (max-width: 311px) 100vw, 311px\"\/><\/a>La proclamation officielle de l\u2019ind\u00e9pendance du pays avait \u00e9t\u00e9 pr\u00e9c\u00e9d\u00e9e de pourparlers men\u00e9s par une d\u00e9l\u00e9gation officielle marocaine avec les autorit\u00e9s coloniales. En effet, ces n\u00e9gociations se sont d\u00e9roul\u00e9es dans la ville d\u2019Aix-Les-Bains marquant ainsi le d\u00e9but du processus qui mena \u00e0 l\u2019ind\u00e9pendance du Royaume. Parmi les n\u00e9gociateurs fran\u00e7ais, il y avait notamment le pr\u00e9sident du conseil, Edgard Faure, le ministre des affaires \u00e9trang\u00e8res, Antoine Pinay, le g\u00e9n\u00e9ral Koenig, ministre de la d\u00e9fense nationale et des forces arm\u00e9es, et Pierre July, ministre des affaires marocaines et tunisiennes. La d\u00e9l\u00e9gation marocaine comptait dans ses rangs des repr\u00e9sentants du parti de l\u2019Istiqlal ainsi que des membres du Parti d\u00e9mocratique de l\u2019ind\u00e9pendance. Il s\u2019agit notamment de Mohammed Lyazidi, Mehdi Ben Barka, Omar Ben Abdeljlil, Abderrahim Bouabid et M\u2019hammed Boucetta. A l\u2019issue de ces pourparlers, l\u2019ind\u00e9pendance du Maroc a \u00e9t\u00e9 proclam\u00e9e permettant au pays de r\u00e9cup\u00e9rer son territoire de la domination fran\u00e7aise au centre et espagnole au nord.<\/p>\n<div class=\"base-box mom_box_sc_custom mom_box_sc clear c7\" readability=\"22\">\n<p class=\"p1\"><span class=\"c6\"><strong><span class=\"s1\">M\u2019hamid El Ghizlane<\/span><\/strong><\/span><\/p>\n<p class=\"p1\"><span class=\"s1\"><a href=\"http:\/\/aujourdhui.ma\/wp-content\/uploads\/2019\/11\/M%E2%80%99hamid-El-Ghizlane.jpg?x29840\"><img loading=\"lazy\" decoding=\"async\" class=\"wp-image-323601 alignleft\" src=\"http:\/\/aujourdhui.ma\/wp-content\/uploads\/2019\/11\/M%E2%80%99hamid-El-Ghizlane.jpg?x29840\" alt=\"\" width=\"344\" height=\"175\" srcset=\"http:\/\/aujourdhui.ma\/wp-content\/uploads\/2019\/11\/M\u2019hamid-El-Ghizlane.jpg 746w, http:\/\/aujourdhui.ma\/wp-content\/uploads\/2019\/11\/M\u2019hamid-El-Ghizlane-300x153.jpg 300w\" sizes=\"auto, (max-width: 344px) 100vw, 344px\"\/><\/a>Feu SM Mohammed V avait effectu\u00e9 une visite historique \u00e0 M\u2019hamid El Ghizlane le mardi 25 f\u00e9vrier 1958. Ce fut une visite historique et strat\u00e9gique \u00e9galement car elle apportait une preuve ind\u00e9fectible de la p\u00e9rennit\u00e9 des liens d\u2019all\u00e9geance unissant les tribus des r\u00e9gions sud du Royaume au Tr\u00f4ne alaouite.<\/span><\/p>\n<p class=\"p1\"><span class=\"s1\">A cette occasion, un discours tout aussi historique avait \u00e9t\u00e9 prononc\u00e9 par Feu SM Mohammed V. <em>\u00abNous proclamons solennellement que nous poursuivrons notre action pour le retour de notre Sahara dans le cadre du respect de nos droits historiques et selon la volont\u00e9 de ses habitants\u00bb, avait affirm\u00e9 le d\u00e9funt Roi devant une foule immense venue pour l\u2019acclamer.<\/em><\/span><\/p>\n<p class=\"p1\"><span class=\"s1\"><em>\u00abNous accomplirons la mission que nous nous sommes engag\u00e9s \u00e0 remplir et qui consiste \u00e0 restaurer notre pass\u00e9 et \u00e0 \u00e9difier un avenir prosp\u00e8re qui permettra \u00e0 tous nos sujets de conna\u00eetre le bonheur et la tranquillit\u00e9\u00bb<\/em>, avait ajout\u00e9 le regrett\u00e9 Souverain.<\/span><\/p>\n<\/div>\n<p>Auteur: Mohamed Badrane<br \/>\n<a href=\"http:\/\/aujourdhui.ma\/actualite\/fete-de-lindependance-ou-la-victoire-dun-roi-et-de-son-peuple\">Cliquez ici pour lire l&rsquo;article depuis sa source.<\/a><\/p>\n","protected":false},"excerpt":{"rendered":"<p>Il y a 64 ans, le Maroc se lib\u00e9rait du joug colonial Le Maroc c\u00e9l\u00e8bre le 64e anniversaire de son ind\u00e9pendance. Plus de six d\u00e9cennies se sont \u00e9coul\u00e9es depuis la victoire marocaine contre les forces d\u2019occupation \u00e9trang\u00e8res. Une victoire qui demeure toujours vive dans les m\u00e9moires de tous les Marocains. Si le Maroc c\u00e9l\u00e8bre chaque [&hellip;]<\/p>\n","protected":false},"author":1759,"featured_media":0,"comment_status":"closed","ping_status":"closed","sticky":false,"template":"","format":"standard","meta":{"fifu_image_url":"","fifu_image_alt":"","footnotes":""},"categories":[73,54],"tags":[],"class_list":["post-67801","post","type-post","status-publish","format-standard","hentry","category-actualite","category-maroc"],"_links":{"self":[{"href":"https:\/\/linitiative.ca\/International\/wp-json\/wp\/v2\/posts\/67801","targetHints":{"allow":["GET"]}}],"collection":[{"href":"https:\/\/linitiative.ca\/International\/wp-json\/wp\/v2\/posts"}],"about":[{"href":"https:\/\/linitiative.ca\/International\/wp-json\/wp\/v2\/types\/post"}],"author":[{"embeddable":true,"href":"https:\/\/linitiative.ca\/International\/wp-json\/wp\/v2\/users\/1759"}],"replies":[{"embeddable":true,"href":"https:\/\/linitiative.ca\/International\/wp-json\/wp\/v2\/comments?post=67801"}],"version-history":[{"count":0,"href":"https:\/\/linitiative.ca\/International\/wp-json\/wp\/v2\/posts\/67801\/revisions"}],"wp:attachment":[{"href":"https:\/\/linitiative.ca\/International\/wp-json\/wp\/v2\/media?parent=67801"}],"wp:term":[{"taxonomy":"category","embeddable":true,"href":"https:\/\/linitiative.ca\/International\/wp-json\/wp\/v2\/categories?post=67801"},{"taxonomy":"post_tag","embeddable":true,"href":"https:\/\/linitiative.ca\/International\/wp-json\/wp\/v2\/tags?post=67801"}],"curies":[{"name":"wp","href":"https:\/\/api.w.org\/{rel}","templated":true}]}}