{"id":67802,"date":"2019-11-18T03:01:08","date_gmt":"2019-11-18T08:01:08","guid":{"rendered":"https:\/\/linitiative.ca\/International\/samira-brahmia-dedie-mama-aux-meres-de-limmigration\/"},"modified":"2019-11-18T03:01:08","modified_gmt":"2019-11-18T08:01:08","slug":"samira-brahmia-dedie-mama-aux-meres-de-limmigration","status":"publish","type":"post","link":"https:\/\/linitiative.ca\/International\/samira-brahmia-dedie-mama-aux-meres-de-limmigration\/","title":{"rendered":"Samira Brahmia d\u00e9die \u00abMama\u00bb aux m\u00e8res de l\u2019immigration"},"content":{"rendered":"<header>\n<\/header>\n<div class=\"entry-content clearfix\" readability=\"62\"><img decoding=\"async\" class=\"post_layout_5_img\" src=\"http:\/\/aujourdhui.ma\/wp-content\/uploads\/2019\/11\/Samira-Brahmia-Mama.jpg?x29840\" alt=\"Samira Brahmia d\u00e9die \u00abMama\u00bb aux m\u00e8res de l\u2019immigration\"\/><\/p>\n<p class=\"p1\"><span class=\"c5\"><strong><span class=\"s1 c4\"><em>La chanteuse vient de lancer son single en partenariat avec TV5 Monde<\/em><\/span><\/strong><\/span><span id=\"more-323684\"\/><\/p>\n<p class=\"p1\"><span class=\"s1\">La chanteuse franco-alg\u00e9rienne Samira Brahmia pr\u00e9sentera, lors de son showcase \u00e0 Visa For Music le 21 novembre et son concert au Backstage de Casablanca le 23 novembre, son nouveau single \u00abMama\u00bb. Cette \u0153uvre, lanc\u00e9e en partenariat avec TV5 Monde, est le premier extrait de son dernier album \u00abAwa\u00bb. Dans son nouveau tube, dansant au message profond, l\u2019artiste aime faire passer le message en douceur. L\u2019auteure, compositrice, interpr\u00e8te et guitariste y rend hommage aux m\u00e8res en g\u00e9n\u00e9ral et aux m\u00e8res de l\u2019immigration en particulier. <em>\u00abJe parle de ces m\u00e8res qui ont fait beaucoup de sacrifices, qui n\u2019ont pas choisi l\u2019exil, qui l\u2019ont subi, qui ont donn\u00e9 des nouvelles g\u00e9n\u00e9rations \u00e0 la France et \u00e0 ailleurs. Je voulais casser les clich\u00e9s. Nos anciennes sont beaucoup plus \u00e9volu\u00e9es dans leurs t\u00eates par rapport au savoir,<span class=\"Apple-converted-space\">\u00a0<\/span> aux connaissances\u2026 C\u2019est un hommage \u00e0 toutes les m\u00e8res, des m\u00e8res africaines du Nord au Sud\u00bb<\/em>, confie Samira Brahmia \u00e0 propos de sa chanson \u00e9crite par Magyd Cherfi.<\/span><\/p>\n<p class=\"p1\"><span class=\"s1\">Outre son titre engag\u00e9, l\u2019artiste est ambassadrice des droits d\u2019auteur en Afrique aupr\u00e8s de la Conf\u00e9d\u00e9ration internationale des soci\u00e9t\u00e9s d\u2019auteurs et compositeurs et de l\u2019Office national des droits d\u2019auteur et droits voisins en Alg\u00e9rie. Depuis plus de 10 ans, dans le milieu de la musique \u00abdu monde\u00bb, elle se fait rep\u00e9rer pour sa voix et sa personnalit\u00e9 \u00e0 la force tranquille. Avec son passage \u00e0 l\u2019\u00e9mission \u00abThe Voice\u00bb, o\u00f9 elle d\u00e9fendait cr\u00e2nement \u00abHaramtou Bik Nouassi\u00bb, chanson d\u2019amour arabo-andalouse, elle a compris qu\u2019un nouveau public l\u2019attendait des deux c\u00f4t\u00e9s de la M\u00e9diterran\u00e9e.<\/span><\/p>\n<\/div>\n<p>Auteur: ALM<br \/>\n<a href=\"http:\/\/aujourdhui.ma\/culture\/samira-brahmia-dedie-mama-aux-meres-de-limmigration\">Cliquez ici pour lire l&rsquo;article depuis sa source.<\/a><\/p>\n","protected":false},"excerpt":{"rendered":"<p>La chanteuse vient de lancer son single en partenariat avec TV5 Monde La chanteuse franco-alg\u00e9rienne Samira Brahmia pr\u00e9sentera, lors de son showcase \u00e0 Visa For Music le 21 novembre et son concert au Backstage de Casablanca le 23 novembre, son nouveau single \u00abMama\u00bb. Cette \u0153uvre, lanc\u00e9e en partenariat avec TV5 Monde, est le premier extrait [&hellip;]<\/p>\n","protected":false},"author":1759,"featured_media":0,"comment_status":"closed","ping_status":"closed","sticky":false,"template":"","format":"standard","meta":{"fifu_image_url":"","fifu_image_alt":"","footnotes":""},"categories":[73,54],"tags":[],"class_list":["post-67802","post","type-post","status-publish","format-standard","hentry","category-actualite","category-maroc"],"_links":{"self":[{"href":"https:\/\/linitiative.ca\/International\/wp-json\/wp\/v2\/posts\/67802","targetHints":{"allow":["GET"]}}],"collection":[{"href":"https:\/\/linitiative.ca\/International\/wp-json\/wp\/v2\/posts"}],"about":[{"href":"https:\/\/linitiative.ca\/International\/wp-json\/wp\/v2\/types\/post"}],"author":[{"embeddable":true,"href":"https:\/\/linitiative.ca\/International\/wp-json\/wp\/v2\/users\/1759"}],"replies":[{"embeddable":true,"href":"https:\/\/linitiative.ca\/International\/wp-json\/wp\/v2\/comments?post=67802"}],"version-history":[{"count":0,"href":"https:\/\/linitiative.ca\/International\/wp-json\/wp\/v2\/posts\/67802\/revisions"}],"wp:attachment":[{"href":"https:\/\/linitiative.ca\/International\/wp-json\/wp\/v2\/media?parent=67802"}],"wp:term":[{"taxonomy":"category","embeddable":true,"href":"https:\/\/linitiative.ca\/International\/wp-json\/wp\/v2\/categories?post=67802"},{"taxonomy":"post_tag","embeddable":true,"href":"https:\/\/linitiative.ca\/International\/wp-json\/wp\/v2\/tags?post=67802"}],"curies":[{"name":"wp","href":"https:\/\/api.w.org\/{rel}","templated":true}]}}