{"id":67803,"date":"2019-11-18T03:04:32","date_gmt":"2019-11-18T08:04:32","guid":{"rendered":"https:\/\/linitiative.ca\/International\/journee-mondiale-de-lutte-contre-la-violence-envers-les-femmes-la-mediation-familiale-en-debat-le-21-novembre-a-essaouira\/"},"modified":"2019-11-18T03:04:32","modified_gmt":"2019-11-18T08:04:32","slug":"journee-mondiale-de-lutte-contre-la-violence-envers-les-femmes-la-mediation-familiale-en-debat-le-21-novembre-a-essaouira","status":"publish","type":"post","link":"https:\/\/linitiative.ca\/International\/journee-mondiale-de-lutte-contre-la-violence-envers-les-femmes-la-mediation-familiale-en-debat-le-21-novembre-a-essaouira\/","title":{"rendered":"Journ\u00e9e mondiale de lutte contre la violence envers les femmes : La m\u00e9diation familiale en d\u00e9bat le 21 novembre \u00e0 Essaouira"},"content":{"rendered":"<header>\n<\/header>\n<div class=\"entry-content clearfix\" readability=\"66\"><img decoding=\"async\" class=\"post_layout_5_img\" src=\"http:\/\/aujourdhui.ma\/wp-content\/uploads\/2019\/11\/violence-Femmes.jpg?x29840\" alt=\"Journ\u00e9e mondiale de lutte contre la violence envers les femmes : La m\u00e9diation familiale en d\u00e9bat le 21 novembre \u00e0 Essaouira\"\/><\/p>\n<p class=\"p1\"><span class=\"s1 c4\"><strong>L\u2019association El Khir organisera, le 21 novembre \u00e0 Essaouira o\u00f9 elle s\u2019active, une journ\u00e9e d\u2019\u00e9tude sur la m\u00e9diation familiale.<\/strong><\/span> <span id=\"more-323645\"\/><\/p>\n<p class=\"p1\"><span class=\"s1\">A travers cet \u00e9v\u00e9nement, qui se tiendra en partenariat avec l\u2019organisation suisse CFD et dans le cadre de la journ\u00e9e mondiale de lutte contre la violence envers les femmes, cette structure exprime sa conscience \u00abde l\u2019importance de la m\u00e9diation dans la gestion \u00e0 l\u2019amiable des conflits familiaux\u00bb.<\/span><\/p>\n<p class=\"p1\"><span class=\"s1\">Cette journ\u00e9e d\u2019\u00e9tude vise, selon les initiateurs, \u00e0 mettre le point sur les diff\u00e9rentes m\u00e9thodes de m\u00e9diation et leur efficacit\u00e9 dans la gestion des conflits loin des couloirs des tribunaux. L\u2019objectif \u00e9tant, selon la m\u00eame source, de sensibiliser \u00e0 l\u2019importance de la m\u00e9diation, encourager son recours et unifier les visions des diff\u00e9rents acteurs dans ce domaine en se basant sur une approche droit.<\/span><\/p>\n<p class=\"p1\"><span class=\"s1\">Pour l\u2019association, l\u2019instauration de la culture du dialogue et le respect mutuel est un moyen pr\u00e9ventif de la violence \u00e9tant donn\u00e9 l\u2019importance de la famille dans la soci\u00e9t\u00e9. De plus, cette structure porte un souci envers l\u2019int\u00e9r\u00eat de l\u2019enfant.<\/span><\/p>\n<p class=\"p1\"><span class=\"s2\">Au-del\u00e0 de cette manifestation, l\u2019association appuie l\u2019autonomisation socio-\u00e9conomique des femmes et milite pour<span class=\"Apple-converted-space\">\u00a0<\/span> la consolidation de leurs droits et la revendication de toute forme de discrimination. Cela \u00e0 travers les services offerts par son centre d\u2019\u00e9coute, d\u2019orientation et appui juridique, m\u00e9dical et psychologique. D\u00e9sormais son centre de m\u00e9diation familiale est cr\u00e9\u00e9 en partenariat avec l\u2019Agence de d\u00e9veloppement social.<\/span><\/p>\n<\/div>\n<p>Auteur: ALM<br \/>\n<a href=\"http:\/\/aujourdhui.ma\/societe\/journee-mondiale-de-lutte-contre-la-violence-envers-les-femmes-la-mediation-familiale-en-debat-le-21-novembre-a-essaouira\">Cliquez ici pour lire l&rsquo;article depuis sa source.<\/a><\/p>\n","protected":false},"excerpt":{"rendered":"<p>L\u2019association El Khir organisera, le 21 novembre \u00e0 Essaouira o\u00f9 elle s\u2019active, une journ\u00e9e d\u2019\u00e9tude sur la m\u00e9diation familiale. A travers cet \u00e9v\u00e9nement, qui se tiendra en partenariat avec l\u2019organisation suisse CFD et dans le cadre de la journ\u00e9e mondiale de lutte contre la violence envers les femmes, cette structure exprime sa conscience \u00abde l\u2019importance [&hellip;]<\/p>\n","protected":false},"author":1759,"featured_media":0,"comment_status":"closed","ping_status":"closed","sticky":false,"template":"","format":"standard","meta":{"fifu_image_url":"","fifu_image_alt":"","footnotes":""},"categories":[73,54],"tags":[],"class_list":["post-67803","post","type-post","status-publish","format-standard","hentry","category-actualite","category-maroc"],"_links":{"self":[{"href":"https:\/\/linitiative.ca\/International\/wp-json\/wp\/v2\/posts\/67803","targetHints":{"allow":["GET"]}}],"collection":[{"href":"https:\/\/linitiative.ca\/International\/wp-json\/wp\/v2\/posts"}],"about":[{"href":"https:\/\/linitiative.ca\/International\/wp-json\/wp\/v2\/types\/post"}],"author":[{"embeddable":true,"href":"https:\/\/linitiative.ca\/International\/wp-json\/wp\/v2\/users\/1759"}],"replies":[{"embeddable":true,"href":"https:\/\/linitiative.ca\/International\/wp-json\/wp\/v2\/comments?post=67803"}],"version-history":[{"count":0,"href":"https:\/\/linitiative.ca\/International\/wp-json\/wp\/v2\/posts\/67803\/revisions"}],"wp:attachment":[{"href":"https:\/\/linitiative.ca\/International\/wp-json\/wp\/v2\/media?parent=67803"}],"wp:term":[{"taxonomy":"category","embeddable":true,"href":"https:\/\/linitiative.ca\/International\/wp-json\/wp\/v2\/categories?post=67803"},{"taxonomy":"post_tag","embeddable":true,"href":"https:\/\/linitiative.ca\/International\/wp-json\/wp\/v2\/tags?post=67803"}],"curies":[{"name":"wp","href":"https:\/\/api.w.org\/{rel}","templated":true}]}}