{"id":67804,"date":"2019-11-18T03:10:00","date_gmt":"2019-11-18T08:10:00","guid":{"rendered":"https:\/\/linitiative.ca\/International\/festival-du-film-documentaire-sur-la-culture-et-lhistoire-hassanies-a-laayoune\/"},"modified":"2019-11-18T03:10:00","modified_gmt":"2019-11-18T08:10:00","slug":"festival-du-film-documentaire-sur-la-culture-et-lhistoire-hassanies-a-laayoune","status":"publish","type":"post","link":"https:\/\/linitiative.ca\/International\/festival-du-film-documentaire-sur-la-culture-et-lhistoire-hassanies-a-laayoune\/","title":{"rendered":"Festival du film documentaire sur  la culture et l\u2019histoire hassanies \u00e0 La\u00e2youne"},"content":{"rendered":"<header>\n<div class=\"entry-post-meta\">\n<div class=\"author-link\">Publi\u00e9 par <a itemprop=\"author\" itemscope=\"\" itemtype=\"https:\/\/schema.org\/Person\" href=\"http:\/\/aujourdhui.ma\/author\/kaid\" rel=\"author\"><span itemprop=\"name\">ALM<\/span><\/a><\/div>\n<p>Date\u00a0:<time content=\"2019-11-18T09:10:00+00:00\" class=\"entry-date updated\" datetime=\"2019-11-18T09:10:00+00:00\">novembre 18, 2019<\/time><\/p>\n<div class=\"entry-cat\">dans:<a href=\"http:\/\/aujourdhui.ma\/category\/culture\/cinema\" rel=\"category tag\">Cinema<\/a>, <a href=\"http:\/\/aujourdhui.ma\/category\/une\" rel=\"category tag\">Une<\/a><\/div>\n<p>0Vues<\/p>\n<\/div>\n<\/header>\n<div class=\"entry-content clearfix\" readability=\"51\"><img decoding=\"async\" class=\"post_layout_5_img\" src=\"http:\/\/aujourdhui.ma\/wp-content\/uploads\/2019\/11\/Festival-du-film-documentaire-sur-la-culture-l%E2%80%99histoire-et-l%E2%80%99espace-sahraoui-hassani-.jpg?x29840\" alt=\"Festival du film documentaire sur la culture et l\u2019histoire hassanies \u00e0 La\u00e2youne\"\/><\/p>\n<p class=\"p1\"><span class=\"s1 c5\"><span class=\"c4\"><strong>La 5\u00e8me \u00e9dition du Festival du film documentaire sur la culture, l\u2019histoire et l\u2019espace sahraoui hassanis aura lieu \u00e0 La\u00e2youne du 19 au 22 d\u00e9cembre, \u00e0 l\u2019initiative du Centre cin\u00e9matographique marocain.<\/strong><\/span><\/span><span id=\"more-323726\"\/><\/p>\n<p class=\"p1\"><span class=\"s1\"><span class=\"Apple-converted-space\">\u00a0<\/span> Cette grande rencontre cin\u00e9matographique de quatre jours ambitionne d\u2019encourager les films documentaires et les productions cin\u00e9matographiques dans les provinces du Sud, indiquent les organisateurs. Le festival vise aussi \u00e0 promouvoir et faire conna\u00eetre les productions documentaires traitant des diff\u00e9rents aspects du patrimoine culturel hassani en tant que composante indispensable de l\u2019identit\u00e9 nationale unie.<\/span><\/p>\n<p class=\"p1\"><span class=\"s1\">Il a \u00e9galement pour objectif de cr\u00e9er un espace de rencontre et d\u2019\u00e9change entre les professionnels du cin\u00e9ma dans cette r\u00e9gion du Royaume, le but \u00e9tant de renforcer le rayonnement de la civilisation, de la culture et de l\u2019histoire du Royaume et de mettre en exergue les sp\u00e9cificit\u00e9s de l\u2019identit\u00e9 marocaine, ajoute-t-on. Plusieurs films traitant de la th\u00e9matique de la culture, de l\u2019histoire et de l\u2019espace sahraoui hassani seront en comp\u00e9tition officielle de ce festival.<\/span><\/p>\n<\/div>\n<p>Auteur: ALM<br \/>\n<a href=\"http:\/\/aujourdhui.ma\/culture\/cinema\/festival-du-film-documentaire-sur-la-culture-et-lhistoire-hassanies-a-laayoune\">Cliquez ici pour lire l&rsquo;article depuis sa source.<\/a><\/p>\n","protected":false},"excerpt":{"rendered":"<p>Publi\u00e9 par ALM Date\u00a0:novembre 18, 2019 dans:Cinema, Une 0Vues La 5\u00e8me \u00e9dition du Festival du film documentaire sur la culture, l\u2019histoire et l\u2019espace sahraoui hassanis aura lieu \u00e0 La\u00e2youne du 19 au 22 d\u00e9cembre, \u00e0 l\u2019initiative du Centre cin\u00e9matographique marocain. \u00a0 Cette grande rencontre cin\u00e9matographique de quatre jours ambitionne d\u2019encourager les films documentaires et les [&hellip;]<\/p>\n","protected":false},"author":1759,"featured_media":0,"comment_status":"closed","ping_status":"closed","sticky":false,"template":"","format":"standard","meta":{"fifu_image_url":"","fifu_image_alt":"","footnotes":""},"categories":[73,54],"tags":[],"class_list":["post-67804","post","type-post","status-publish","format-standard","hentry","category-actualite","category-maroc"],"_links":{"self":[{"href":"https:\/\/linitiative.ca\/International\/wp-json\/wp\/v2\/posts\/67804","targetHints":{"allow":["GET"]}}],"collection":[{"href":"https:\/\/linitiative.ca\/International\/wp-json\/wp\/v2\/posts"}],"about":[{"href":"https:\/\/linitiative.ca\/International\/wp-json\/wp\/v2\/types\/post"}],"author":[{"embeddable":true,"href":"https:\/\/linitiative.ca\/International\/wp-json\/wp\/v2\/users\/1759"}],"replies":[{"embeddable":true,"href":"https:\/\/linitiative.ca\/International\/wp-json\/wp\/v2\/comments?post=67804"}],"version-history":[{"count":0,"href":"https:\/\/linitiative.ca\/International\/wp-json\/wp\/v2\/posts\/67804\/revisions"}],"wp:attachment":[{"href":"https:\/\/linitiative.ca\/International\/wp-json\/wp\/v2\/media?parent=67804"}],"wp:term":[{"taxonomy":"category","embeddable":true,"href":"https:\/\/linitiative.ca\/International\/wp-json\/wp\/v2\/categories?post=67804"},{"taxonomy":"post_tag","embeddable":true,"href":"https:\/\/linitiative.ca\/International\/wp-json\/wp\/v2\/tags?post=67804"}],"curies":[{"name":"wp","href":"https:\/\/api.w.org\/{rel}","templated":true}]}}