{"id":67805,"date":"2019-11-18T03:11:21","date_gmt":"2019-11-18T08:11:21","guid":{"rendered":"https:\/\/linitiative.ca\/International\/journees-cinematographiques-de-doukkala-une-9eme-edition-dediee-a-fatima-kheir\/"},"modified":"2019-11-18T03:11:21","modified_gmt":"2019-11-18T08:11:21","slug":"journees-cinematographiques-de-doukkala-une-9eme-edition-dediee-a-fatima-kheir","status":"publish","type":"post","link":"https:\/\/linitiative.ca\/International\/journees-cinematographiques-de-doukkala-une-9eme-edition-dediee-a-fatima-kheir\/","title":{"rendered":"Journ\u00e9es cin\u00e9matographiques  de Doukkala : Une 9\u00e8me \u00e9dition  d\u00e9di\u00e9e \u00e0 Fatima Kheir"},"content":{"rendered":"<header>\n<div class=\"entry-post-meta\">\n<div class=\"author-link\">Publi\u00e9 par <a itemprop=\"author\" itemscope=\"\" itemtype=\"https:\/\/schema.org\/Person\" href=\"http:\/\/aujourdhui.ma\/author\/kaid\" rel=\"author\"><span itemprop=\"name\">ALM<\/span><\/a><\/div>\n<p>Date\u00a0:<time content=\"2019-11-18T09:11:21+00:00\" class=\"entry-date updated\" datetime=\"2019-11-18T09:11:21+00:00\">novembre 18, 2019<\/time><\/p>\n<div class=\"entry-cat\">dans:<a href=\"http:\/\/aujourdhui.ma\/category\/culture\/cinema\" rel=\"category tag\">Cinema<\/a>, <a href=\"http:\/\/aujourdhui.ma\/category\/une\" rel=\"category tag\">Une<\/a><\/div>\n<p>3Vues<\/p>\n<\/div>\n<\/header>\n<div class=\"entry-content clearfix\" readability=\"42\"><img decoding=\"async\" class=\"post_layout_5_img\" src=\"http:\/\/aujourdhui.ma\/wp-content\/uploads\/2019\/11\/Fatima-Kheir.jpg?x29840\" alt=\"Journ\u00e9es cin\u00e9matographiques de Doukkala : Une 9\u00e8me \u00e9dition d\u00e9di\u00e9e \u00e0 Fatima Kheir\"\/><\/p>\n<p class=\"p1\"><span class=\"s1\"><span class=\"c4\"><strong>Les neuvi\u00e8mes Journ\u00e9es cin\u00e9matographiques internationales de Doukkala se tiendront du 21 au 26 novembre sous le th\u00e8me \u00abCin\u00e9ma et op\u00e9rette\u00bb.<\/strong><\/span><\/span> <span id=\"more-323718\"\/><\/p>\n<p class=\"p1\"><span class=\"s1\">Cette \u00e9dition sera d\u00e9di\u00e9e \u00e0 l\u2019actrice Fatima Kheir, indique l\u2019Association Breija des arts et cultures, organisatrice de cet \u00e9v\u00e8nement.<span class=\"Apple-converted-space\">\u00a0<\/span> Outre la projection du film \u00abOualoualat Arrouh\u00bb, de son producteur Abdelilah Al Jawhari, l\u2019ouverture de cette neuvi\u00e8me \u00e9dition sera marqu\u00e9e par un hommage au producteur et acteur marocain Mohamed Atifi et au journaliste Mostapha Lakhyar.<\/span><\/p>\n<\/div>\n<p>Auteur: ALM<br \/>\n<a href=\"http:\/\/aujourdhui.ma\/culture\/cinema\/journees-cinematographiques-de-doukkala-une-9eme-edition-dediee-a-fatima-kheir\">Cliquez ici pour lire l&rsquo;article depuis sa source.<\/a><\/p>\n","protected":false},"excerpt":{"rendered":"<p>Publi\u00e9 par ALM Date\u00a0:novembre 18, 2019 dans:Cinema, Une 3Vues Les neuvi\u00e8mes Journ\u00e9es cin\u00e9matographiques internationales de Doukkala se tiendront du 21 au 26 novembre sous le th\u00e8me \u00abCin\u00e9ma et op\u00e9rette\u00bb. Cette \u00e9dition sera d\u00e9di\u00e9e \u00e0 l\u2019actrice Fatima Kheir, indique l\u2019Association Breija des arts et cultures, organisatrice de cet \u00e9v\u00e8nement.\u00a0 Outre la projection du film \u00abOualoualat Arrouh\u00bb, [&hellip;]<\/p>\n","protected":false},"author":1759,"featured_media":0,"comment_status":"closed","ping_status":"closed","sticky":false,"template":"","format":"standard","meta":{"fifu_image_url":"","fifu_image_alt":"","footnotes":""},"categories":[73,54],"tags":[],"class_list":["post-67805","post","type-post","status-publish","format-standard","hentry","category-actualite","category-maroc"],"_links":{"self":[{"href":"https:\/\/linitiative.ca\/International\/wp-json\/wp\/v2\/posts\/67805","targetHints":{"allow":["GET"]}}],"collection":[{"href":"https:\/\/linitiative.ca\/International\/wp-json\/wp\/v2\/posts"}],"about":[{"href":"https:\/\/linitiative.ca\/International\/wp-json\/wp\/v2\/types\/post"}],"author":[{"embeddable":true,"href":"https:\/\/linitiative.ca\/International\/wp-json\/wp\/v2\/users\/1759"}],"replies":[{"embeddable":true,"href":"https:\/\/linitiative.ca\/International\/wp-json\/wp\/v2\/comments?post=67805"}],"version-history":[{"count":0,"href":"https:\/\/linitiative.ca\/International\/wp-json\/wp\/v2\/posts\/67805\/revisions"}],"wp:attachment":[{"href":"https:\/\/linitiative.ca\/International\/wp-json\/wp\/v2\/media?parent=67805"}],"wp:term":[{"taxonomy":"category","embeddable":true,"href":"https:\/\/linitiative.ca\/International\/wp-json\/wp\/v2\/categories?post=67805"},{"taxonomy":"post_tag","embeddable":true,"href":"https:\/\/linitiative.ca\/International\/wp-json\/wp\/v2\/tags?post=67805"}],"curies":[{"name":"wp","href":"https:\/\/api.w.org\/{rel}","templated":true}]}}