{"id":67806,"date":"2019-11-18T08:22:42","date_gmt":"2019-11-18T13:22:42","guid":{"rendered":"https:\/\/linitiative.ca\/International\/presidence-du-gouvernement-un-choix-inadapte-et-conteste-de-partout\/"},"modified":"2019-11-18T08:22:42","modified_gmt":"2019-11-18T13:22:42","slug":"presidence-du-gouvernement-un-choix-inadapte-et-conteste-de-partout","status":"publish","type":"post","link":"https:\/\/linitiative.ca\/International\/presidence-du-gouvernement-un-choix-inadapte-et-conteste-de-partout\/","title":{"rendered":"Pr\u00e9sidence du gouvernement : Un choix inadapt\u00e9 et contest\u00e9 de partout"},"content":{"rendered":"<p>Le mouvement Ennahdha veut faire avaler la pilule et a fait valoir l\u2019ind\u00e9pendance du chef du gouvernement d\u00e9sign\u00e9 Habib Jemli, sa comp\u00e9tence et son exp\u00e9rience dans les domaines \u00e9conomique et financi\u00e8re en g\u00e9n\u00e9ral et dans les affaires agricoles en particulier.<\/p>\n<p>Il a estim\u00e9 qu\u2019il est \u00ab une figure reconnue pour son int\u00e9grit\u00e9 et son enthousiasme au service de l\u2019Etat, la lutte contre la corruption et l\u2019aspiration \u00e0 cr\u00e9er un changement positif dans la vie des Tunisiennes et des Tunisiens \u00bb.<\/p>\n<p>Dans une d\u00e9claration, au terme d\u2019une r\u00e9union extraordinaire de son bureau politique, Ennahdha a appel\u00e9 toutes les forces politiques et sociales \u00e0 engager des n\u00e9gociations pour former un gouvernement sur la base d\u2019un \u00ab programme global mobilisant toutes les capacit\u00e9s mat\u00e9rielles et morales du pays pour relever les d\u00e9fis \u00e9conomiques et sociaux \u00bb.<\/p>\n<p>Le pr\u00e9sident de la R\u00e9publique a charg\u00e9 vendredi Habib Jemli de former le nouveau gouvernement, sur proposition du mouvement Ennahdha qui avait remport\u00e9 les \u00e9lections l\u00e9gislatives du 6 octobre, rappelle-t-on.<\/p>\n<p>Selon son curriculum vitae \u00ab\u00a0officiel\u00a0\u00bb, Habib Jemli est n\u00e9 le 28 mars 1959, dans la d\u00e9l\u00e9gation de Nasrallah, gouvernorat de Kairouan.<\/p>\n<p>Il a poursuit ses \u00e9tudes primaires \u00e0 l\u2019\u00e9cole Bakara et secondaires \u00e0 Nasrallah et Zaghouan.<\/p>\n<p>Il est titulaire d\u2019un dipl\u00f4me technique sup\u00e9rieur sp\u00e9cialis\u00e9 dans les grandes cultures, d\u2019un dipl\u00f4me d\u2019ing\u00e9nieur d\u2019Etat en agriculture et d\u2019un dipl\u00f4me de troisi\u00e8me cycle en \u00e9conomie et gestion agricoles, dans des \u00e9tablissements \u00e0 vocation agricole.<\/p>\n<p>Jemli a occup\u00e9 les fonctions de secr\u00e9taire d\u2019Etat aupr\u00e8s du ministre de l\u2019Agriculture de d\u00e9cembre 2011 \u00e0 janvier 2014 en tant que technocrate ind\u00e9pendant. Auparavant, il a travaill\u00e9 pendant 14 ans dans la fonction publique (l\u2019Office des c\u00e9r\u00e9ales du minist\u00e8re de l\u2019Agriculture), au cours de laquelle il a exerc\u00e9 diverses fonctions administratives, techniques et de recherche, et particip\u00e9 aux travaux de plusieurs comit\u00e9s internes et nationaux, des conseils de gestion d\u2019entreprises publiques li\u00e9es au secteur agricole.<\/p>\n<p>Habib Jemli a quitt\u00e9 la fonction publique de son plein gr\u00e9 en 2001 et a rejoint le secteur priv\u00e9, o\u00f9 il a supervis\u00e9 une grande entreprise du secteur priv\u00e9. Il a effectu\u00e9 plusieurs \u00e9tudes et recherches appliqu\u00e9es dans ces domaines.<\/p>\n<p class=\"dpsp-share-text\">Partager c&rsquo;est aimer!<\/p>\n<div class=\"wp-post-author-wrap wp-post-author-shortcode left\">\n<h3 class=\"awpa-title\"\/>\n<div class=\"wp-post-author\">\n<div class=\"awpa-img awpa-author-block square\"><a href=\"http:\/\/lexpertjournal.net\/fr\/author\/expert\/\"><img loading=\"lazy\" decoding=\"async\" alt=\"\" src=\"http:\/\/2.gravatar.com\/avatar\/56d99be2a6f97af88ccb49fada637fcd?s=150&#038;d=mm&#038;r=g\" srcset=\"http:\/\/2.gravatar.com\/avatar\/56d99be2a6f97af88ccb49fada637fcd?s=300&#038;d=mm&#038;r=g 2x\" class=\"avatar avatar-150 photo\" height=\"150\" width=\"150\"\/><\/a><\/div>\n<\/div>\n<\/div>\n<p>Auteur: L&rsquo;expert<br \/>\n<a href=\"http:\/\/lexpertjournal.net\/fr\/2019\/11\/18\/presidence-du-gouvernement-un-choix-inadapte-et-conteste-de-partout\/\">Cliquez ici pour lire l&rsquo;article depuis sa source.<\/a><\/p>\n","protected":false},"excerpt":{"rendered":"<p>Le mouvement Ennahdha veut faire avaler la pilule et a fait valoir l\u2019ind\u00e9pendance du chef du gouvernement d\u00e9sign\u00e9 Habib Jemli, sa comp\u00e9tence et son exp\u00e9rience dans les domaines \u00e9conomique et financi\u00e8re en g\u00e9n\u00e9ral et dans les affaires agricoles en particulier. Il a estim\u00e9 qu\u2019il est \u00ab une figure reconnue pour son int\u00e9grit\u00e9 et son enthousiasme [&hellip;]<\/p>\n","protected":false},"author":1775,"featured_media":0,"comment_status":"closed","ping_status":"closed","sticky":false,"template":"","format":"standard","meta":{"fifu_image_url":"","fifu_image_alt":"","footnotes":""},"categories":[78,55],"tags":[],"class_list":["post-67806","post","type-post","status-publish","format-standard","hentry","category-economie","category-tunisie"],"_links":{"self":[{"href":"https:\/\/linitiative.ca\/International\/wp-json\/wp\/v2\/posts\/67806","targetHints":{"allow":["GET"]}}],"collection":[{"href":"https:\/\/linitiative.ca\/International\/wp-json\/wp\/v2\/posts"}],"about":[{"href":"https:\/\/linitiative.ca\/International\/wp-json\/wp\/v2\/types\/post"}],"author":[{"embeddable":true,"href":"https:\/\/linitiative.ca\/International\/wp-json\/wp\/v2\/users\/1775"}],"replies":[{"embeddable":true,"href":"https:\/\/linitiative.ca\/International\/wp-json\/wp\/v2\/comments?post=67806"}],"version-history":[{"count":0,"href":"https:\/\/linitiative.ca\/International\/wp-json\/wp\/v2\/posts\/67806\/revisions"}],"wp:attachment":[{"href":"https:\/\/linitiative.ca\/International\/wp-json\/wp\/v2\/media?parent=67806"}],"wp:term":[{"taxonomy":"category","embeddable":true,"href":"https:\/\/linitiative.ca\/International\/wp-json\/wp\/v2\/categories?post=67806"},{"taxonomy":"post_tag","embeddable":true,"href":"https:\/\/linitiative.ca\/International\/wp-json\/wp\/v2\/tags?post=67806"}],"curies":[{"name":"wp","href":"https:\/\/api.w.org\/{rel}","templated":true}]}}