{"id":67807,"date":"2019-11-18T08:31:18","date_gmt":"2019-11-18T13:31:18","guid":{"rendered":"https:\/\/linitiative.ca\/International\/festival-creation-de-lugtt-ouvriers-etudiants-et-enfants-montrent-leurs-dons\/"},"modified":"2019-11-18T08:31:18","modified_gmt":"2019-11-18T13:31:18","slug":"festival-creation-de-lugtt-ouvriers-etudiants-et-enfants-montrent-leurs-dons","status":"publish","type":"post","link":"https:\/\/linitiative.ca\/International\/festival-creation-de-lugtt-ouvriers-etudiants-et-enfants-montrent-leurs-dons\/","title":{"rendered":"Festival \u00ab Cr\u00e9ation \u00bb de l\u2019UGTT : Ouvriers, \u00e9tudiants et enfants montrent leurs dons"},"content":{"rendered":"<p>Le rideau est tomb\u00e9 samedi soir sur la 7e \u00e9dition du festival \u00ab Cr\u00e9ation \u00bb qui s\u2019est tenu du 14 au 16 novembre courant dans plusieurs espaces culturels \u00e0 Monastir.<\/p>\n<p>Le Complexe culturel de Monastir a abrit\u00e9 la soir\u00e9e de cl\u00f4ture qui a \u00e9t\u00e9 anim\u00e9e par un spectacle de la troupe nationale de musique sous la conduite de Maestro Mohamed Lassoued.<\/p>\n<p>Organis\u00e9 par l\u2019Union g\u00e9n\u00e9rale tunisienne du travail (UGTT) avec la collaboration du minist\u00e8re de la Culture et la Fondation allemande Friedrich Ebert, cette \u00e9dition est plac\u00e9e sous le slogan \u00ab Ouvriers, \u00e9tudiants et enfants cr\u00e9ateurs \u00bb.<\/p>\n<p>Le secr\u00e9taire g\u00e9n\u00e9ral de l\u2019Union r\u00e9gionale du travail et pr\u00e9sident de la 7\u00e8me \u00e9dition du festival, Sa\u00efd Youssef a d\u00e9clar\u00e9 que cette \u00e9dition a \u00e9t\u00e9 une r\u00e9ussite au niveau du programme, de l\u2019organisation et de la pr\u00e9sence d\u2019un nombreux public.<\/p>\n<p>Il a rappel\u00e9 que ce festival a pour objectif de soutenir les cr\u00e9ateurs d\u00e8s lors qu\u2019il est consacr\u00e9 aux dossiers de la sant\u00e9 et du d\u00e9veloppement et \u00e0 la journ\u00e9e du savoir.<\/p>\n<p>Avant la soir\u00e9e de cl\u00f4ture, les festivaliers ont pu assister \u00e0 la pi\u00e8ce de th\u00e9\u00e2tre \u00ab Al Kadimoun \u00bb de Sami Nasri, ainsi qu\u2019\u00e0 une joute litt\u00e9raire, un spectacle de chants folkloriques et de chansons populaires et une exposition d\u2019artistes plasticiens intitul\u00e9e: 50 artistes-50 \u0153uvres.<\/p>\n<p>Au deuxi\u00e8me jour du festival, un concert de musique engag\u00e9e a \u00e9t\u00e9 donn\u00e9 par Lobna Noomane et Ridha Chmak, tandis que la premi\u00e8re journ\u00e9e a \u00e9t\u00e9 anim\u00e9e par un spectacle de Hadhra \u00ab Takhmira \u00bb de Mourad Bacha.<\/p>\n<p class=\"dpsp-share-text\">Partager c&rsquo;est aimer!<\/p>\n<div class=\"wp-post-author-wrap wp-post-author-shortcode left\">\n<h3 class=\"awpa-title\"\/>\n<div class=\"wp-post-author\">\n<div class=\"awpa-img awpa-author-block square\"><a href=\"http:\/\/lexpertjournal.net\/fr\/author\/expert\/\"><img loading=\"lazy\" decoding=\"async\" alt=\"\" src=\"http:\/\/2.gravatar.com\/avatar\/56d99be2a6f97af88ccb49fada637fcd?s=150&#038;d=mm&#038;r=g\" srcset=\"http:\/\/2.gravatar.com\/avatar\/56d99be2a6f97af88ccb49fada637fcd?s=300&#038;d=mm&#038;r=g 2x\" class=\"avatar avatar-150 photo\" height=\"150\" width=\"150\"\/><\/a><\/div>\n<\/div>\n<\/div>\n<p>Auteur: L&rsquo;expert<br \/>\n<a href=\"http:\/\/lexpertjournal.net\/fr\/2019\/11\/18\/festival-creation-de-lugtt-ouvriers-etudiants-et-enfants-montrent-leurs-dons\/\">Cliquez ici pour lire l&rsquo;article depuis sa source.<\/a><\/p>\n","protected":false},"excerpt":{"rendered":"<p>Le rideau est tomb\u00e9 samedi soir sur la 7e \u00e9dition du festival \u00ab Cr\u00e9ation \u00bb qui s\u2019est tenu du 14 au 16 novembre courant dans plusieurs espaces culturels \u00e0 Monastir. Le Complexe culturel de Monastir a abrit\u00e9 la soir\u00e9e de cl\u00f4ture qui a \u00e9t\u00e9 anim\u00e9e par un spectacle de la troupe nationale de musique sous [&hellip;]<\/p>\n","protected":false},"author":1775,"featured_media":0,"comment_status":"closed","ping_status":"closed","sticky":false,"template":"","format":"standard","meta":{"fifu_image_url":"","fifu_image_alt":"","footnotes":""},"categories":[78,55],"tags":[],"class_list":["post-67807","post","type-post","status-publish","format-standard","hentry","category-economie","category-tunisie"],"_links":{"self":[{"href":"https:\/\/linitiative.ca\/International\/wp-json\/wp\/v2\/posts\/67807","targetHints":{"allow":["GET"]}}],"collection":[{"href":"https:\/\/linitiative.ca\/International\/wp-json\/wp\/v2\/posts"}],"about":[{"href":"https:\/\/linitiative.ca\/International\/wp-json\/wp\/v2\/types\/post"}],"author":[{"embeddable":true,"href":"https:\/\/linitiative.ca\/International\/wp-json\/wp\/v2\/users\/1775"}],"replies":[{"embeddable":true,"href":"https:\/\/linitiative.ca\/International\/wp-json\/wp\/v2\/comments?post=67807"}],"version-history":[{"count":0,"href":"https:\/\/linitiative.ca\/International\/wp-json\/wp\/v2\/posts\/67807\/revisions"}],"wp:attachment":[{"href":"https:\/\/linitiative.ca\/International\/wp-json\/wp\/v2\/media?parent=67807"}],"wp:term":[{"taxonomy":"category","embeddable":true,"href":"https:\/\/linitiative.ca\/International\/wp-json\/wp\/v2\/categories?post=67807"},{"taxonomy":"post_tag","embeddable":true,"href":"https:\/\/linitiative.ca\/International\/wp-json\/wp\/v2\/tags?post=67807"}],"curies":[{"name":"wp","href":"https:\/\/api.w.org\/{rel}","templated":true}]}}