{"id":67809,"date":"2019-11-18T08:38:34","date_gmt":"2019-11-18T13:38:34","guid":{"rendered":"https:\/\/linitiative.ca\/International\/perfectionnement-des-competences-la-haute-fonction-publique-a-besoin-de-recyclage\/"},"modified":"2019-11-18T08:38:34","modified_gmt":"2019-11-18T13:38:34","slug":"perfectionnement-des-competences-la-haute-fonction-publique-a-besoin-de-recyclage","status":"publish","type":"post","link":"https:\/\/linitiative.ca\/International\/perfectionnement-des-competences-la-haute-fonction-publique-a-besoin-de-recyclage\/","title":{"rendered":"Perfectionnement des comp\u00e9tences : La haute fonction publique a besoin de recyclage"},"content":{"rendered":"<p>Les participants \u00e0 un s\u00e9minaire sur le renforcement des comp\u00e9tences des cadres de la haute Fonction publique ont \u00e9t\u00e9 unanimes \u00e0 souligner la n\u00e9cessit\u00e9 de mettre en place un syst\u00e8me national de formation en ligne, d\u2019en faciliter l\u2019acc\u00e8s et d\u2019en assurer le caract\u00e8re obligatoire et la gratuit\u00e9.<\/p>\n<p>Ils ont \u00e9galement appel\u00e9 \u00e0 mobiliser les moyens financiers n\u00e9cessaires au lancement de ce syst\u00e8me et \u00e0 d\u00e9finir ult\u00e9rieurement les m\u00e9thodes et les outils p\u00e9dagogiques de la formation.<\/p>\n<p>Selon Khaoula Labidi, directrice g\u00e9n\u00e9rale de la formation et du perfectionnement des comp\u00e9tences au minist\u00e8re de la Fonction publique, ces cycles de formation permettent, si besoin est, d\u2019acqu\u00e9rir des connaissances dans un domaine pr\u00e9cis \u00bb dans le but d\u2019\u00eatre op\u00e9rationnel dans plusieurs autres domaines \u00bb.<\/p>\n<p>Il s\u2019agit, a-t-elle expliqu\u00e9, d\u2019une formation statutaire, n\u00e9cessaire lors de l\u2019acc\u00e8s d\u2019un agent \u00e0 un grade sup\u00e9rieur, ou bien d\u2019une formation continue destin\u00e9e \u00e0 am\u00e9liorer ses comp\u00e9tences sans qu\u2019il ne change de poste.<\/p>\n<p>Pour Fran\u00e7oise Camet, ancienne directrice de la formation au sein de l\u2019Ecole nationale d\u2019administration (France), il s\u2019agit d\u2019un \u00e9v\u00e9nement organis\u00e9 par l\u2019Union europ\u00e9enne afin de r\u00e9fl\u00e9chir sur les moyens de promouvoir la formation destin\u00e9e aux cadres de la haute fonction publique.<\/p>\n<p>\u00bb L\u2019objectif de ce s\u00e9minaire est d\u2019appuyer la fonction publique tunisienne et de renforcer ses comp\u00e9tences \u00ab , a-t-elle d\u00e9clar\u00e9.<\/p>\n<p>Lors de ce conclave, deux experts de France et de Belgique ont pr\u00e9sent\u00e9 le concept de formation comme mission continue des fonctionnaires et r\u00e9alis\u00e9 une analyse compar\u00e9e de l\u2019offre de formation belge et fran\u00e7aise.<\/p>\n<p>Pr\u00e9sidant la cl\u00f4ture des travaux, Kamel Morjane, ministre de la Fonction publique a indiqu\u00e9 que son d\u00e9partement se penche actuellement sur la mise en place d\u2019une strat\u00e9gie nationale de modernisation du service public dans le but d\u2019am\u00e9liorer son rendement.<\/p>\n<p>Il a appel\u00e9 \u00e0 s\u2019inspirer des exp\u00e9riences \u00ab r\u00e9ussies \u00bb de l\u2019Union europ\u00e9enne dans le domaine de formation de hauts cadres de l\u2019Etat.<\/p>\n<p>\u00bb D\u2019importants efforts ont \u00e9t\u00e9 fournis pour d\u00e9velopper les comp\u00e9tences de la haute fonction publique notamment au niveau de la l\u00e9gislation \u00ab , a-t-il assur\u00e9.<\/p>\n<p class=\"dpsp-share-text\">Partager c&rsquo;est aimer!<\/p>\n<div class=\"wp-post-author-wrap wp-post-author-shortcode left\">\n<h3 class=\"awpa-title\"\/>\n<div class=\"wp-post-author\">\n<div class=\"awpa-img awpa-author-block square\"><a href=\"http:\/\/lexpertjournal.net\/fr\/author\/expert\/\"><img loading=\"lazy\" decoding=\"async\" alt=\"\" src=\"http:\/\/2.gravatar.com\/avatar\/56d99be2a6f97af88ccb49fada637fcd?s=150&#038;d=mm&#038;r=g\" srcset=\"http:\/\/2.gravatar.com\/avatar\/56d99be2a6f97af88ccb49fada637fcd?s=300&#038;d=mm&#038;r=g 2x\" class=\"avatar avatar-150 photo\" height=\"150\" width=\"150\"\/><\/a><\/div>\n<\/div>\n<\/div>\n<p>Auteur: L&rsquo;expert<br \/>\n<a href=\"http:\/\/lexpertjournal.net\/fr\/2019\/11\/18\/perfectionnement-des-competences-la-haute-fonction-publique-a-besoin-de-recyclage\/\">Cliquez ici pour lire l&rsquo;article depuis sa source.<\/a><\/p>\n","protected":false},"excerpt":{"rendered":"<p>Les participants \u00e0 un s\u00e9minaire sur le renforcement des comp\u00e9tences des cadres de la haute Fonction publique ont \u00e9t\u00e9 unanimes \u00e0 souligner la n\u00e9cessit\u00e9 de mettre en place un syst\u00e8me national de formation en ligne, d\u2019en faciliter l\u2019acc\u00e8s et d\u2019en assurer le caract\u00e8re obligatoire et la gratuit\u00e9. Ils ont \u00e9galement appel\u00e9 \u00e0 mobiliser les moyens [&hellip;]<\/p>\n","protected":false},"author":1775,"featured_media":0,"comment_status":"closed","ping_status":"closed","sticky":false,"template":"","format":"standard","meta":{"fifu_image_url":"","fifu_image_alt":"","footnotes":""},"categories":[78,55],"tags":[],"class_list":["post-67809","post","type-post","status-publish","format-standard","hentry","category-economie","category-tunisie"],"_links":{"self":[{"href":"https:\/\/linitiative.ca\/International\/wp-json\/wp\/v2\/posts\/67809","targetHints":{"allow":["GET"]}}],"collection":[{"href":"https:\/\/linitiative.ca\/International\/wp-json\/wp\/v2\/posts"}],"about":[{"href":"https:\/\/linitiative.ca\/International\/wp-json\/wp\/v2\/types\/post"}],"author":[{"embeddable":true,"href":"https:\/\/linitiative.ca\/International\/wp-json\/wp\/v2\/users\/1775"}],"replies":[{"embeddable":true,"href":"https:\/\/linitiative.ca\/International\/wp-json\/wp\/v2\/comments?post=67809"}],"version-history":[{"count":0,"href":"https:\/\/linitiative.ca\/International\/wp-json\/wp\/v2\/posts\/67809\/revisions"}],"wp:attachment":[{"href":"https:\/\/linitiative.ca\/International\/wp-json\/wp\/v2\/media?parent=67809"}],"wp:term":[{"taxonomy":"category","embeddable":true,"href":"https:\/\/linitiative.ca\/International\/wp-json\/wp\/v2\/categories?post=67809"},{"taxonomy":"post_tag","embeddable":true,"href":"https:\/\/linitiative.ca\/International\/wp-json\/wp\/v2\/tags?post=67809"}],"curies":[{"name":"wp","href":"https:\/\/api.w.org\/{rel}","templated":true}]}}