{"id":67812,"date":"2019-11-18T09:00:00","date_gmt":"2019-11-18T14:00:00","guid":{"rendered":"https:\/\/linitiative.ca\/International\/le-parquet-de-sidi-mhamed-requiert-2-ans-de-prison-pour-les-20-detenus-dopinion\/"},"modified":"2019-11-18T09:00:00","modified_gmt":"2019-11-18T14:00:00","slug":"le-parquet-de-sidi-mhamed-requiert-2-ans-de-prison-pour-les-20-detenus-dopinion","status":"publish","type":"post","link":"https:\/\/linitiative.ca\/International\/le-parquet-de-sidi-mhamed-requiert-2-ans-de-prison-pour-les-20-detenus-dopinion\/","title":{"rendered":"Le parquet de Sidi M\u2019hamed requiert 2 ans de prison pour les 20 d\u00e9tenus d\u2019opinion"},"content":{"rendered":"<div id=\"originalText\" readability=\"83.056684492\">\n<p>Le procureur pr\u00e8s le tribunal de Sidi M\u2019hamed a requis deux ans de prison ferme et 100\u00a0000 da d\u2019amende \u00e0 l\u2019encontre des 20 d\u00e9tenus d\u2019opinion, dont le proc\u00e8s s\u2019est ouvert aujourd\u2019hui lundi.<\/p>\n<p>Sur les vingt comparus devant la barre, l\u2019on compte 11 d\u00e9tenus. Il s\u2019agit, entre autres, de Ghimouz Akram, Abdelkader Toufik Bacha, Khiredine Benzine, Fazil Dechicha,\u00a0Derouiche Alaa, Agouazi Mohamed, Dahmani Nour Elhouda Yasmine\u2026 \u00a0S\u2019agissant des 9 autres accus\u00e9s, \u00e0 savoir Saradouni Lyes, Amad Djilali, Belaifa Fatiha, Islam Ihaddadene,Razane Bouanane, Yakoub Ayad, Karim Belkacem, Zineddine Kacimi et Aala Ghimouz, ils sont plut\u00f4t plac\u00e9s sous contr\u00f4le judiciaire.<\/p>\n<p>Le proc\u00e8s a d\u00e9but\u00e9 \u00e0 14h15 avec l\u2019entr\u00e9e des d\u00e9tenus dans la salle d\u2019audience sous les cris de \u00ab\u00a0Tahia Djazair\u00a0\u00bb. Le b\u00e2tonnier de Bejaia, Khatri Salem prend la parole au nom du collectif de la d\u00e9fense pour annoncer le <a href=\"https:\/\/www.liberte-algerie.com\/actualite\/la-defense-envisage-le-boycott-des-plaidoiries-328300\" target=\"_blank\" rel=\"noopener noreferrer\"><span class=\"c6\">boycott des audiences<\/span><\/a>. Juste apr\u00e8s l\u2019annonce, les avocats entonnent l\u2019hymne national et quittent la salle sous les applaudissements du public, et sous les cris de \u00ab\u00a0merci les avocats\u00a0\u00bb et le slogan \u00ab\u00a0\u00c9tat civil et non militaire\u00a0\u00bb.<\/p>\n<p>Interrog\u00e9, Me Bouzid Yacine, avocat et membre du collectif \u00a0de d\u00e9fense des d\u00e9tenus d\u2019opinion, explique \u00e0 Libert\u00e9 les raisons de ce boycott\u00a0: \u00ab\u00a0on refuse cat\u00e9goriquement de participer \u00e0 ce qu\u2019on peut qualifier d\u2019une mascarade judiciaire. On refuse donc de cautionner ce fiasco politico-judiciaire\u00a0\u00bb, a-t-il soulign\u00e9, tout en soutenant qu\u2019 \u00ab\u00a0on ne peut pas, malheureusement, parler de justice quand les garanties d&rsquo;un proc\u00e8s \u00e9quitable\u00a0sont quasi-absentes, quand les droits de l\u2019homme sont bafou\u00e9s et quand les libert\u00e9s collectives sont r\u00e9prim\u00e9es (\u2026)\u00a0\u00bb.<\/p>\n<p><iframe loading=\"lazy\" allow=\"accelerometer; autoplay; encrypted-media; gyroscope; picture-in-picture\" allowfullscreen=\"\" frameborder=\"0\" height=\"315\" src=\"https:\/\/www.youtube.com\/embed\/5D_cTthX3EQ\" width=\"560\">[embedded content]<\/iframe><\/p>\n<p>Mis en d\u00e9lib\u00e9r\u00e9, le verdict du proc\u00e8s sera rendu la semaine prochaine, soit le lundi 25 novembre.<\/p>\n<p class=\"c7\"><strong>Sihem Benmalek<\/strong><\/p>\n<\/div>\n<div id=\"text_core\" readability=\"83.056684492\">\n<p>Le procureur pr\u00e8s le tribunal de Sidi M\u2019hamed a requis deux ans de prison ferme et 100\u00a0000 da d\u2019amende \u00e0 l\u2019encontre des 20 d\u00e9tenus d\u2019opinion, dont le proc\u00e8s s\u2019est ouvert aujourd\u2019hui lundi.<\/p>\n<p>Sur les vingt comparus devant la barre, l\u2019on compte 11 d\u00e9tenus. Il s\u2019agit, entre autres, de Ghimouz Akram, Abdelkader Toufik Bacha, Khiredine Benzine, Fazil Dechicha,\u00a0Derouiche Alaa, Agouazi Mohamed, Dahmani Nour Elhouda Yasmine\u2026 \u00a0S\u2019agissant des 9 autres accus\u00e9s, \u00e0 savoir Saradouni Lyes, Amad Djilali, Belaifa Fatiha, Islam Ihaddadene,Razane Bouanane, Yakoub Ayad, Karim Belkacem, Zineddine Kacimi et Aala Ghimouz, ils sont plut\u00f4t plac\u00e9s sous contr\u00f4le judiciaire.<\/p>\n<p>Le proc\u00e8s a d\u00e9but\u00e9 \u00e0 14h15 avec l\u2019entr\u00e9e des d\u00e9tenus dans la salle d\u2019audience sous les cris de \u00ab\u00a0Tahia Djazair\u00a0\u00bb. Le b\u00e2tonnier de Bejaia, Khatri Salem prend la parole au nom du collectif de la d\u00e9fense pour annoncer le <a href=\"https:\/\/www.liberte-algerie.com\/actualite\/la-defense-envisage-le-boycott-des-plaidoiries-328300\" target=\"_blank\" rel=\"noopener noreferrer\"><span class=\"c6\">boycott des audiences<\/span><\/a>. Juste apr\u00e8s l\u2019annonce, les avocats entonnent l\u2019hymne national et quittent la salle sous les applaudissements du public, et sous les cris de \u00ab\u00a0merci les avocats\u00a0\u00bb et le slogan \u00ab\u00a0\u00c9tat civil et non militaire\u00a0\u00bb.<\/p>\n<p>Interrog\u00e9, Me Bouzid Yacine, avocat et membre du collectif \u00a0de d\u00e9fense des d\u00e9tenus d\u2019opinion, explique \u00e0 Libert\u00e9 les raisons de ce boycott\u00a0: \u00ab\u00a0on refuse cat\u00e9goriquement de participer \u00e0 ce qu\u2019on peut qualifier d\u2019une mascarade judiciaire. On refuse donc de cautionner ce fiasco politico-judiciaire\u00a0\u00bb, a-t-il soulign\u00e9, tout en soutenant qu\u2019 \u00ab\u00a0on ne peut pas, malheureusement, parler de justice quand les garanties d&rsquo;un proc\u00e8s \u00e9quitable\u00a0sont quasi-absentes, quand les droits de l\u2019homme sont bafou\u00e9s et quand les libert\u00e9s collectives sont r\u00e9prim\u00e9es (\u2026)\u00a0\u00bb.<\/p>\n<p><iframe loading=\"lazy\" allow=\"accelerometer; autoplay; encrypted-media; gyroscope; picture-in-picture\" allowfullscreen=\"\" frameborder=\"0\" height=\"315\" src=\"https:\/\/www.youtube.com\/embed\/5D_cTthX3EQ\" width=\"560\">[embedded content]<\/iframe><\/p>\n<p>Mis en d\u00e9lib\u00e9r\u00e9, le verdict du proc\u00e8s sera rendu la semaine prochaine, soit le lundi 25 novembre.<\/p>\n<p class=\"c7\"><strong>Sihem Benmalek<\/strong><\/p>\n<\/div>\n<p>Auteur:<br \/>\n<a href=\"https:\/\/www.liberte-algerie.com\/actualite\/le-parquet-de-sidi-mhamed-requiert-2-ans-de-prison-pour-les-20-detenus-dopinion-328318\">Cliquez ici pour lire l&rsquo;article depuis sa source.<\/a><\/p>\n","protected":false},"excerpt":{"rendered":"<p>Le procureur pr\u00e8s le tribunal de Sidi M\u2019hamed a requis deux ans de prison ferme et 100\u00a0000 da d\u2019amende \u00e0 l\u2019encontre des 20 d\u00e9tenus d\u2019opinion, dont le proc\u00e8s s\u2019est ouvert aujourd\u2019hui lundi. Sur les vingt comparus devant la barre, l\u2019on compte 11 d\u00e9tenus. Il s\u2019agit, entre autres, de Ghimouz Akram, Abdelkader Toufik Bacha, Khiredine Benzine, [&hellip;]<\/p>\n","protected":false},"author":1742,"featured_media":0,"comment_status":"closed","ping_status":"closed","sticky":false,"template":"","format":"standard","meta":{"fifu_image_url":"","fifu_image_alt":"","footnotes":""},"categories":[73,53],"tags":[],"class_list":["post-67812","post","type-post","status-publish","format-standard","hentry","category-actualite","category-algerie"],"_links":{"self":[{"href":"https:\/\/linitiative.ca\/International\/wp-json\/wp\/v2\/posts\/67812","targetHints":{"allow":["GET"]}}],"collection":[{"href":"https:\/\/linitiative.ca\/International\/wp-json\/wp\/v2\/posts"}],"about":[{"href":"https:\/\/linitiative.ca\/International\/wp-json\/wp\/v2\/types\/post"}],"author":[{"embeddable":true,"href":"https:\/\/linitiative.ca\/International\/wp-json\/wp\/v2\/users\/1742"}],"replies":[{"embeddable":true,"href":"https:\/\/linitiative.ca\/International\/wp-json\/wp\/v2\/comments?post=67812"}],"version-history":[{"count":0,"href":"https:\/\/linitiative.ca\/International\/wp-json\/wp\/v2\/posts\/67812\/revisions"}],"wp:attachment":[{"href":"https:\/\/linitiative.ca\/International\/wp-json\/wp\/v2\/media?parent=67812"}],"wp:term":[{"taxonomy":"category","embeddable":true,"href":"https:\/\/linitiative.ca\/International\/wp-json\/wp\/v2\/categories?post=67812"},{"taxonomy":"post_tag","embeddable":true,"href":"https:\/\/linitiative.ca\/International\/wp-json\/wp\/v2\/tags?post=67812"}],"curies":[{"name":"wp","href":"https:\/\/api.w.org\/{rel}","templated":true}]}}