{"id":67817,"date":"2019-11-17T16:40:19","date_gmt":"2019-11-17T21:40:19","guid":{"rendered":"https:\/\/linitiative.ca\/International\/cloture-du-5e-forum-euro-med-des-jeunes-leaders\/"},"modified":"2019-11-17T16:40:19","modified_gmt":"2019-11-17T21:40:19","slug":"cloture-du-5e-forum-euro-med-des-jeunes-leaders","status":"publish","type":"post","link":"https:\/\/linitiative.ca\/International\/cloture-du-5e-forum-euro-med-des-jeunes-leaders\/","title":{"rendered":"Cl\u00f4ture du 5\u00e8 Forum Euro-Med des Jeunes Leaders"},"content":{"rendered":"<div readability=\"36\">\n<p>Essaouira \u2013 Les travaux de la 5\u00e8 \u00e9dition du Forum euro-m\u00e9diterran\u00e9en des Jeunes Leaders ont pris fin, dimanche \u00e0 Essaouira, apr\u00e8s trois jours d\u2019intenses d\u00e9bats autour de la th\u00e9matique \u00ab\u00a0Engagement pour une nouvelle citoyennet\u00e9\u00a0\u00bb.<\/p>\n<\/div>\n<div readability=\"129\">\n<p>Organis\u00e9 par l\u2019Ambassade de France \u00e0 Rabat et l\u2019Institut Fran\u00e7ais du Maroc, ce Forum a rassembl\u00e9 180 jeunes issus de plusieurs pays du Pourtour M\u00e9diterran\u00e9en et, pour la premi\u00e8re fois, de pays de l\u2019Afrique subsaharienne. Des jeunes porteurs d\u2019un fort engagement citoyen et qui ont \u00e9t\u00e9 s\u00e9lectionn\u00e9s suite \u00e0 un appel \u00e0 candidature ouvert \u00e0 tous les pays et relay\u00e9 sur les r\u00e9seaux sociaux.<\/p>\n<p>Ce rendez-vous annuel, qui a b\u00e9n\u00e9fici\u00e9 de l\u2019appui des Associations \u00ab\u00a0Essaouira-Mogador\u00a0\u00bbet \u00ab\u00a0Marocains Pluriels\u00a0\u00bb, de la Fondation Sekkat, du Campus France et de Webhelp, a pour ambition de contribuer \u00e0 l\u2019int\u00e9gration de l\u2019espace euro-m\u00e9diterran\u00e9en, en mettant en relation ces jeunes citoyens engag\u00e9s et investis localement.<\/p>\n<p>Durant trois jours, les participants ont eu l\u2019opportunit\u00e9 d\u2019\u00e9changer avec des personnalit\u00e9s de divers horizons, de d\u00e9battre et de se former lors de diff\u00e9rentes s\u00e9quences : projection de film-d\u00e9bat, tables rondes sur l\u2019engagement et r\u00e9cits de trajectoires personnelles, nombreux ateliers r\u00e9partis sur les sites de l\u2019Institut Fran\u00e7ais de la ville, Dar Souiri et Bayt Dakira (la Maison de la M\u00e9moire), qui abrite notamment le Centre de recherche international \u00ab\u00a0Haim Zafrani\u00a0\u00bb d\u00e9di\u00e9 au dialogue interreligieux.<\/p>\n<p>A noter que la s\u00e9ance de cl\u00f4ture de ce forum a \u00e9t\u00e9 rehauss\u00e9e par la pr\u00e9sence du Conseiller de Sa Majest\u00e9 le Roi et pr\u00e9sident-fondateur de l\u2019Association Essaouira-Mogador, de Mme Cl\u00e9lia Chevrier Kolacko, Conseill\u00e8re de Coop\u00e9ration et d\u2019Action Culturelle, Directrice G\u00e9n\u00e9rale de l\u2019Institut Fran\u00e7ais du Maroc, ainsi que d\u2019autres personnalit\u00e9s.<\/p>\n<p>Approch\u00e9e par la MAP, Mme Chevrier Kolacko a lou\u00e9 l\u2019excellence de l\u2019organisation de ce forum, notant que le choix de la ville d\u2019Essaouira pour la tenue des 5 \u00e9ditions de ce Forum a \u00e9t\u00e9 une \u00ab\u00a0\u00e9vidence\u00a0\u00bb, compte tenu du fait que cette cit\u00e9 se veut un haut espace de dialogue f\u00e9cond et libre, alors m\u00eame que ce forum a vocation \u00e0 \u00eatre un lieu de dialogue et d\u2019\u00e9change entre des jeunes qui s\u2019engagent dans leurs soci\u00e9t\u00e9s, dans leurs pays et qui font le d\u00e9placement au Maroc pour confronter leurs id\u00e9es, d\u00e9battre et entendre des t\u00e9moignages d\u2019acteurs engag\u00e9s qui, eux-m\u00eames, ont plus d\u2019exp\u00e9rience.<\/p>\n<p>Ces jeunes, qui participent \u00e0 ce Forum, b\u00e9n\u00e9ficient aussi d\u2019une s\u00e9rie d\u2019ateliers traitant de questions importantes pour le renforcement de leurs capacit\u00e9s, notamment en ce qui concerne la gestion et la pr\u00e9sentation de projets, la prise de parole artistique, la mobilisation de l\u2019intelligence collective, et la construction d\u2019un plaidoyer pour l\u2019\u00e9galit\u00e9 homme-femme\u2026.etc. \u00ab\u00a0Cela nous tient \u00e0 coeur d\u2019aider la jeunesse engag\u00e9e \u00e0 r\u00e9aliser leurs projets \u00e0 l\u2019avenir\u00a0\u00bb, a-t-elle dit.<\/p>\n<p>Et de poursuivre que la particularit\u00e9 de cette \u00e9dition a \u00e9t\u00e9 le d\u00e9veloppement du concept du \u00ab\u00a0Tribunal des G\u00e9n\u00e9rations Futures\u00a0\u00bb, une sorte de simulation de proc\u00e8s mais sans jugement, pour tenter de d\u00e9lib\u00e9rer et de statuer sur la question de savoir : faut-il imposer aux gens le vivre ensemble ?. Une conf\u00e9rence-spectacle qui permet d\u2019avoir un format de dialogue plus engageant pour le public, outre le Prix du Forum des Jeunes Leaders pour r\u00e9compenser cette ann\u00e9e les projets concernant le d\u00e9veloppement durable.<\/p>\n<p>Mme Chevrier Kolacko a, par la m\u00eame occasion, r\u00e9it\u00e9r\u00e9 la d\u00e9termination des organisateurs \u00e0 p\u00e9renniser ce rendez-vous annuel avec des th\u00e9matiques engageantes et un format similaire qui consiste \u00e0 amener des jeunes de tout le Maroc et de tout le pourtour m\u00e9diterran\u00e9en, \u00e0 se rencontrer \u00e0 Essaouira pour d\u00e9battre, discuter et \u00e9changer en toute libert\u00e9 et responsabilit\u00e9.<\/p>\n<p>Au menu de cette 5\u00e8me \u00e9dition, figuraient \u00ab\u00a0le Prix des Jeunes Leaders\u00a0\u00bb, qui a r\u00e9compens\u00e9 trois projets port\u00e9s par des jeunes engag\u00e9s sur le th\u00e8me du d\u00e9veloppement durable, outre une rencontre avec \u00ab\u00a0F\u00e9f\u00e9 et Leeroy\u00a0\u00bb, du groupe Saian Supa Crew, autour d\u2019un concert musical in\u00e9dit, gratuit et ouvert \u00e0 tous.<\/p>\n<p>La jeunesse a \u00e9t\u00e9 \u00e9galement \u00e0 l\u2019honneur \u00e0 travers sa plume, puisque des \u00e9l\u00e8ves journalistes de l\u2019Institut Sup\u00e9rieur de l\u2019Information et de la Communication (ISIC) de Rabat ont \u00e9t\u00e9 amen\u00e9s \u00e0 assurer la couverture m\u00e9diatique de cette nouvelle \u00e9dition, encadr\u00e9s par des formateurs de l\u2019ISIC et de l\u2019Institut pratique de journalisme Paris Dauphine, ainsi que des repr\u00e9sentants des m\u00e9dias.<\/p>\n<\/div>\n<p>Auteur: Meriem IGASS<br \/>\n<a href=\"http:\/\/www.mapmarrakech.ma\/fr\/forum\/\">Cliquez ici pour lire l&rsquo;article depuis sa source.<\/a><\/p>\n","protected":false},"excerpt":{"rendered":"<p>Essaouira \u2013 Les travaux de la 5\u00e8 \u00e9dition du Forum euro-m\u00e9diterran\u00e9en des Jeunes Leaders ont pris fin, dimanche \u00e0 Essaouira, apr\u00e8s trois jours d\u2019intenses d\u00e9bats autour de la th\u00e9matique \u00ab\u00a0Engagement pour une nouvelle citoyennet\u00e9\u00a0\u00bb. Organis\u00e9 par l\u2019Ambassade de France \u00e0 Rabat et l\u2019Institut Fran\u00e7ais du Maroc, ce Forum a rassembl\u00e9 180 jeunes issus de plusieurs [&hellip;]<\/p>\n","protected":false},"author":1788,"featured_media":0,"comment_status":"closed","ping_status":"closed","sticky":false,"template":"","format":"standard","meta":{"fifu_image_url":"","fifu_image_alt":"","footnotes":""},"categories":[54,76],"tags":[],"class_list":["post-67817","post","type-post","status-publish","format-standard","hentry","category-maroc","category-regions"],"_links":{"self":[{"href":"https:\/\/linitiative.ca\/International\/wp-json\/wp\/v2\/posts\/67817","targetHints":{"allow":["GET"]}}],"collection":[{"href":"https:\/\/linitiative.ca\/International\/wp-json\/wp\/v2\/posts"}],"about":[{"href":"https:\/\/linitiative.ca\/International\/wp-json\/wp\/v2\/types\/post"}],"author":[{"embeddable":true,"href":"https:\/\/linitiative.ca\/International\/wp-json\/wp\/v2\/users\/1788"}],"replies":[{"embeddable":true,"href":"https:\/\/linitiative.ca\/International\/wp-json\/wp\/v2\/comments?post=67817"}],"version-history":[{"count":0,"href":"https:\/\/linitiative.ca\/International\/wp-json\/wp\/v2\/posts\/67817\/revisions"}],"wp:attachment":[{"href":"https:\/\/linitiative.ca\/International\/wp-json\/wp\/v2\/media?parent=67817"}],"wp:term":[{"taxonomy":"category","embeddable":true,"href":"https:\/\/linitiative.ca\/International\/wp-json\/wp\/v2\/categories?post=67817"},{"taxonomy":"post_tag","embeddable":true,"href":"https:\/\/linitiative.ca\/International\/wp-json\/wp\/v2\/tags?post=67817"}],"curies":[{"name":"wp","href":"https:\/\/api.w.org\/{rel}","templated":true}]}}