{"id":67820,"date":"2019-11-18T05:31:57","date_gmt":"2019-11-18T10:31:57","guid":{"rendered":"https:\/\/linitiative.ca\/International\/presse-ouest-debut-de-campagne-timide-les-candidats-appeles-a-innover\/"},"modified":"2019-11-18T05:31:57","modified_gmt":"2019-11-18T10:31:57","slug":"presse-ouest-debut-de-campagne-timide-les-candidats-appeles-a-innover","status":"publish","type":"post","link":"https:\/\/linitiative.ca\/International\/presse-ouest-debut-de-campagne-timide-les-candidats-appeles-a-innover\/","title":{"rendered":"Presse Ouest: d\u00e9but de campagne \u00ab\u00a0timide\u00a0\u00bb, les candidats appel\u00e9s \u00e0 \u00ab\u00a0innover\u00a0\u00bb"},"content":{"rendered":"<div readability=\"36\">\n<p><strong>ORAN &#8211; Dans ses livraisons du lundi, au deuxi\u00e8me jour de la campagne pour la Pr\u00e9sidentielle du 12 d\u00e9cembre prochain, la presse oranaise est unanime \u00e0 qualifier de \u00ab\u00a0timide\u00a0\u00bb le lancement de la course \u00e9lectorale.<\/strong><\/p>\n<\/div>\n<div readability=\"67\">\n<p>Le journal \u00ab\u00a0L&rsquo;Echo d&rsquo;Oran\u00a0\u00bb \u00e9crit \u00e0 ce titre que les candidats savaient que \u00ab\u00a0la partie n\u2019allait pas \u00eatre facile pour eux\u00a0\u00bb, et s&rsquo;ils ont v\u00e9cu \u00ab\u00a0diverses fortunes\u00a0\u00bb au premier jour de la campagne, c&rsquo;est d\u00fb au fait qu&rsquo;ils n&rsquo;ont pas \u00ab\u00a0innov\u00e9\u00a0\u00bb.<\/p>\n<p>La m\u00eame publication estime que la mission des candidats s&rsquo;annonce difficile en raison de la \u00ab\u00a0conjoncture politique\u00a0\u00bb, et que \u00ab\u00a0les prochains jours seront d\u00e9cisifs dans le d\u00e9roulement de cette campagne in\u00e9dite \u00e0 plus d\u2019un titre\u00a0\u00bb.<\/p>\n<p>La n\u00e9cessit\u00e9 pour les candidats en lice de convaincre la population quant \u00e0 \u00ab\u00a0la n\u00e9cessit\u00e9 de voter pour sortir le pays de la crise\u00a0\u00bb est \u00e9galement mise en avant par \u00ab\u00a0L&rsquo;Echo d&rsquo;Oran\u00a0\u00bb.<\/p>\n<p>Le premier jour de campagne a \u00e9t\u00e9 \u00ab\u00a0sans grande \u00e9motion\u00a0\u00bb, rel\u00e8ve pour sa part le quotidien \u00ab\u00a0Ouest Tribune\u00a0\u00bb, nuan\u00e7ant toutefois son observation par le fait que \u00ab\u00a0les candidats t\u00e2tent le terrain\u00a0\u00bb et font \u00ab\u00a0leur premier pas\u00a0\u00bb dans cette \u00ab\u00a0aventure politique in\u00e9dite dans l\u2019histoire de l\u2019Alg\u00e9rie ind\u00e9pendante\u00a0\u00bb.<\/p>\n<p>\u00ab\u00a0Ouest Tribune\u00a0\u00bb note encore que le d\u00e9marrage de la campagne \u00e9lectorale s&rsquo;est d\u00e9roul\u00e9 dans une ambiance qui a \u00ab\u00a0d\u00e9menti\u00a0\u00bb les appr\u00e9hensions \u00ab\u00a0catastrophistes\u00a0\u00bb de ceux qui craignaient des \u00ab\u00a0d\u00e9rapages\u00a0\u00bb.<\/p>\n<p>De son c\u00f4t\u00e9, le journal \u00ab\u00a0El-Djoumhouria\u00a0\u00bb \u00e9voque lui aussi les \u00ab\u00a0sorties timides\u00a0\u00bb des candidats \u00e0 la Pr\u00e9sidentielle du 12 d\u00e9cembre prochain, tout en r\u00e9percutant leurs d\u00e9clarations faites durant les meetings de la premi\u00e8re journ\u00e9e de la campagne.<\/p>\n<p>Le quotidien \u00ab\u00a0Cap Ouest\u00a0\u00bb estime, quant \u00e0 lui, que quel que soit le futur pr\u00e9sident de la R\u00e9publique parmi les 5 candidats en lice, son \u00e9lection sera \u00ab\u00a0une victoire pour le pays\u00a0\u00bb.<\/p>\n<\/div>\n<p>Auteur:<br \/>\n<a href=\"http:\/\/www.aps.dz\/regions\/97661-presse-ouest-debut-de-campagne-timide-les-candidats-appeles-a-innover\">Cliquez ici pour lire l&rsquo;article depuis sa source.<\/a><\/p>\n","protected":false},"excerpt":{"rendered":"<p>ORAN &#8211; Dans ses livraisons du lundi, au deuxi\u00e8me jour de la campagne pour la Pr\u00e9sidentielle du 12 d\u00e9cembre prochain, la presse oranaise est unanime \u00e0 qualifier de \u00ab\u00a0timide\u00a0\u00bb le lancement de la course \u00e9lectorale. Le journal \u00ab\u00a0L&rsquo;Echo d&rsquo;Oran\u00a0\u00bb \u00e9crit \u00e0 ce titre que les candidats savaient que \u00ab\u00a0la partie n\u2019allait pas \u00eatre facile pour [&hellip;]<\/p>\n","protected":false},"author":1790,"featured_media":0,"comment_status":"closed","ping_status":"closed","sticky":false,"template":"","format":"standard","meta":{"fifu_image_url":"","fifu_image_alt":"","footnotes":""},"categories":[53,76],"tags":[],"class_list":["post-67820","post","type-post","status-publish","format-standard","hentry","category-algerie","category-regions"],"_links":{"self":[{"href":"https:\/\/linitiative.ca\/International\/wp-json\/wp\/v2\/posts\/67820","targetHints":{"allow":["GET"]}}],"collection":[{"href":"https:\/\/linitiative.ca\/International\/wp-json\/wp\/v2\/posts"}],"about":[{"href":"https:\/\/linitiative.ca\/International\/wp-json\/wp\/v2\/types\/post"}],"author":[{"embeddable":true,"href":"https:\/\/linitiative.ca\/International\/wp-json\/wp\/v2\/users\/1790"}],"replies":[{"embeddable":true,"href":"https:\/\/linitiative.ca\/International\/wp-json\/wp\/v2\/comments?post=67820"}],"version-history":[{"count":0,"href":"https:\/\/linitiative.ca\/International\/wp-json\/wp\/v2\/posts\/67820\/revisions"}],"wp:attachment":[{"href":"https:\/\/linitiative.ca\/International\/wp-json\/wp\/v2\/media?parent=67820"}],"wp:term":[{"taxonomy":"category","embeddable":true,"href":"https:\/\/linitiative.ca\/International\/wp-json\/wp\/v2\/categories?post=67820"},{"taxonomy":"post_tag","embeddable":true,"href":"https:\/\/linitiative.ca\/International\/wp-json\/wp\/v2\/tags?post=67820"}],"curies":[{"name":"wp","href":"https:\/\/api.w.org\/{rel}","templated":true}]}}