{"id":67821,"date":"2019-11-18T05:33:10","date_gmt":"2019-11-18T10:33:10","guid":{"rendered":"https:\/\/linitiative.ca\/International\/une-campagne-entamee-en-toute-discretion-releve-la-presse-de-lest\/"},"modified":"2019-11-18T05:33:10","modified_gmt":"2019-11-18T10:33:10","slug":"une-campagne-entamee-en-toute-discretion-releve-la-presse-de-lest","status":"publish","type":"post","link":"https:\/\/linitiative.ca\/International\/une-campagne-entamee-en-toute-discretion-releve-la-presse-de-lest\/","title":{"rendered":"Une campagne entam\u00e9e \u00ab\u00a0en toute discr\u00e9tion\u00a0\u00bb rel\u00e8ve la presse de l\u2019Est"},"content":{"rendered":"<div readability=\"35\">\n<p><strong>CONSTANTINE &#8211; Les quotidiens r\u00e9gionaux de l\u2019Est du pays parus ce lundi ont rapport\u00e9 pour la plupart que la campagne \u00e9lectorale pour la pr\u00e9sidentielle du 12 d\u00e9cembre prochain a \u00e9t\u00e9 entam\u00e9e \u00ab\u00a0en toute discr\u00e9tion\u00a0\u00bb, ponctu\u00e9e par des \u00ab\u00a0d\u00e9placements surprise\u00a0\u00bb pour certains candidats en lice.<\/strong><\/p>\n<\/div>\n<div readability=\"65\">\n<p>\u00ab\u00a0Entre une mobilisation tous azimuts des forces de l\u2019ordre, les d\u00e9placements surprise des candidats et les +fausses informations+ relatives \u00e0 leurs d\u00e9placements, l\u2019entame de la campagne \u00e9lectorale pour les pr\u00e9sidentielles \u00e9tait agit\u00e9e\u00a0\u00bb, souligne le Quotidien de Constantine qui a \u00e9voqu\u00e9 entre autres le \u00ab\u00a0mini-meeting\u00a0\u00bb du candidat Abdelkader Bengrina sur le parvis de la Grande poste dans la capitale, et la sortie de Ali Benflis \u00e0 Tlemcen ainsi que l\u2019entame \u00ab\u00a0difficile\u00a0\u00bb de Abdelmadjid Tebboune avec la d\u00e9mission de son directeur de campagne.<\/p>\n<p>L\u2019Est R\u00e9publicain, \u00e9dit\u00e9 \u00e0 Annaba souligne \u00e0 la Une que les candidats en lice pour El Mouradia ont \u00e9t\u00e9 chahut\u00e9s au premier face \u00e0 face avec le peuple et d\u00e9roule en quatre pages int\u00e9rieures les d\u00e9tails des meetings des candidats \u00e0 la magistrature supr\u00eame, les expressions marquantes tir\u00e9es de leurs\u00a0 interventions\u00a0 ainsi leurs programmes de campagne, puis\u00e9s des d\u00e9p\u00eaches de l\u2019Agence APS.<\/p>\n<p>Le quotidien d\u2019expression fran\u00e7aise consacre \u00e9galement un article \u00e0 la d\u00e9mission surprise du directeur de campagne du candidat Adbelmadjid Tebboune et le r\u00e9dacteur de l\u2019article soulignant \u00ab\u00a0le coup dur pour Tebboune\u00a0\u00bb\u00a0 affirme\u00a0 que \u00ab\u00a0la suite de la campagne \u00e9lectorale ne manquera pas d\u2019apporter des \u00e9l\u00e9ments de r\u00e9ponse \u00e0 cette premi\u00e8re secousse au camp de l\u2019ancien Premier ministre\u00a0\u00bb.<\/p>\n<p>Le quotidien Ennasr titre sa Une \u00ab\u00a0messages symboliques des candidats \u00e0 la pr\u00e9sidentielle au premier jour de campagne\u00a0\u00bb et d\u00e9roule en plusieurs pages les meetings tenus avec un focus sur les d\u00e9clarations phare des candidats.<\/p>\n<p>Le provincial parle ce lundi de \u00ab\u00a0La guerre des symboles\u00a0\u00bb\u00a0 en r\u00e9f\u00e9rence aux lieux de meetings choisis par les candidats \u00e0 la pr\u00e9sidentielle et commente que \u00ab\u00a0l\u2019\u00e9preuve test\u00a0\u00bb du 1er jour de cette campagne s\u2019est pass\u00e9e dans \u00ab\u00a0des relatives bonnes conditions par rapport \u00e0 ce que craignaient aussi bien les concern\u00e9s que les organisateurs\u00a0\u00bb.<\/p>\n<p>Ces quotidiens ont \u00e9galement largement relay\u00e9 le communiqu\u00e9 du haut commandement de l&rsquo;Arm\u00e9e nationale populaire relatif \u00e0 l\u2019engagement de l\u2019ANP \u00e0 assurer \u00ab\u00a0la r\u00e9ussite de ce rendez-vous crucial pour l\u2019avenir du pays\u00a0\u00bb.<\/p>\n<\/div>\n<p>Auteur:<br \/>\n<a href=\"http:\/\/www.aps.dz\/regions\/97662-une-campagne-entamee-en-toute-discretion-releve-la-presse-de-l-est\">Cliquez ici pour lire l&rsquo;article depuis sa source.<\/a><\/p>\n","protected":false},"excerpt":{"rendered":"<p>CONSTANTINE &#8211; Les quotidiens r\u00e9gionaux de l\u2019Est du pays parus ce lundi ont rapport\u00e9 pour la plupart que la campagne \u00e9lectorale pour la pr\u00e9sidentielle du 12 d\u00e9cembre prochain a \u00e9t\u00e9 entam\u00e9e \u00ab\u00a0en toute discr\u00e9tion\u00a0\u00bb, ponctu\u00e9e par des \u00ab\u00a0d\u00e9placements surprise\u00a0\u00bb pour certains candidats en lice. \u00ab\u00a0Entre une mobilisation tous azimuts des forces de l\u2019ordre, les d\u00e9placements [&hellip;]<\/p>\n","protected":false},"author":1790,"featured_media":0,"comment_status":"closed","ping_status":"closed","sticky":false,"template":"","format":"standard","meta":{"fifu_image_url":"","fifu_image_alt":"","footnotes":""},"categories":[53,76],"tags":[],"class_list":["post-67821","post","type-post","status-publish","format-standard","hentry","category-algerie","category-regions"],"_links":{"self":[{"href":"https:\/\/linitiative.ca\/International\/wp-json\/wp\/v2\/posts\/67821","targetHints":{"allow":["GET"]}}],"collection":[{"href":"https:\/\/linitiative.ca\/International\/wp-json\/wp\/v2\/posts"}],"about":[{"href":"https:\/\/linitiative.ca\/International\/wp-json\/wp\/v2\/types\/post"}],"author":[{"embeddable":true,"href":"https:\/\/linitiative.ca\/International\/wp-json\/wp\/v2\/users\/1790"}],"replies":[{"embeddable":true,"href":"https:\/\/linitiative.ca\/International\/wp-json\/wp\/v2\/comments?post=67821"}],"version-history":[{"count":0,"href":"https:\/\/linitiative.ca\/International\/wp-json\/wp\/v2\/posts\/67821\/revisions"}],"wp:attachment":[{"href":"https:\/\/linitiative.ca\/International\/wp-json\/wp\/v2\/media?parent=67821"}],"wp:term":[{"taxonomy":"category","embeddable":true,"href":"https:\/\/linitiative.ca\/International\/wp-json\/wp\/v2\/categories?post=67821"},{"taxonomy":"post_tag","embeddable":true,"href":"https:\/\/linitiative.ca\/International\/wp-json\/wp\/v2\/tags?post=67821"}],"curies":[{"name":"wp","href":"https:\/\/api.w.org\/{rel}","templated":true}]}}