{"id":67823,"date":"2019-11-18T12:54:49","date_gmt":"2019-11-18T17:54:49","guid":{"rendered":"https:\/\/linitiative.ca\/International\/tamanrasset-un-programme-special-pour-accompagner-le-developpement-dans-la-region\/"},"modified":"2019-11-18T12:54:49","modified_gmt":"2019-11-18T17:54:49","slug":"tamanrasset-un-programme-special-pour-accompagner-le-developpement-dans-la-region","status":"publish","type":"post","link":"https:\/\/linitiative.ca\/International\/tamanrasset-un-programme-special-pour-accompagner-le-developpement-dans-la-region\/","title":{"rendered":"Tamanrasset : un programme sp\u00e9cial pour accompagner le d\u00e9veloppement dans la r\u00e9gion"},"content":{"rendered":"<div readability=\"39\">\n<p><strong>TAMANRASSET &#8211; Le ministre de l\u2019Int\u00e9rieur, des Collectivit\u00e9s locales et de l\u2019Am\u00e9nagement du territoire, Salaheddine Dahmoune, a annonc\u00e9, lundi \u00e0 Tamanrasset, un programme sp\u00e9cial pour accompagner le d\u00e9veloppement dans cette wilaya.<\/strong><\/p>\n<\/div>\n<div readability=\"140.108625511\">\n<p>\u00ab\u00a0Un programme sp\u00e9cial a \u00e9t\u00e9 retenu pour accompagner le d\u00e9veloppement dans la wilaya de Tamanrasset qui a d\u00e9j\u00e0 enregistr\u00e9 un bond qualitatif en mati\u00e8re de couverture en \u00e9lectricit\u00e9 et gaz naturel\u00a0\u00bb, a affirm\u00e9 M. Dahmoune, lors d\u2019une s\u00e9ance de travail consacr\u00e9e \u00e0 l\u2019\u00e9valuation de l\u2019ex\u00e9cution des programmes de d\u00e9veloppement, dans le cadre de Caisse de solidarit\u00e9 et de garantie des collectivit\u00e9s locales.<\/p>\n<p>Le ministre a soulign\u00e9 que \u00ab\u00a0l\u2019Etat \u0153uvrera \u00e0 la consolidation du d\u00e9veloppement \u00e9conomique dans cette wilaya du grand Sud du pays\u00a0\u00bb, ajoutant que le programme sp\u00e9cial \u00ab\u00a0permettra de r\u00e9pondre, selon les priorit\u00e9s et en fonction des potentialit\u00e9s existantes, aux attentes et pr\u00e9occupations de la population locale\u00a0\u00bb.<\/p>\n<p>M.Dahmoune a ajout\u00e9, \u00e0 cet \u00e9gard, que \u00ab\u00a0les jeunes se tailleront une grande part dans la participation au d\u00e9veloppement et b\u00e9n\u00e9ficieront de l\u2019accompagnement pour monter des micro-entreprises\u00a0\u00bb.<\/p>\n<p>Il a fait l\u2019annonce aussi de la cr\u00e9ation prochaine d\u2019un fonds sp\u00e9cial pour le financement des Start-up, dont les jeunes des r\u00e9gions du Sud auront \u00ab\u00a0une grande part\u00a0\u00bb.<\/p>\n<p>Dans ce contexte, le ministre a appel\u00e9 les jeunes \u00e0 acqu\u00e9rir des qualifications offertes par les \u00e9tablissements de la formation professionnelle, leur permettant de s\u2019ins\u00e9rer dans le monde du travail, de mettre en valeur leurs capacit\u00e9s et comp\u00e9tences et, ainsi, de s\u2019impliquer dans la dynamique de d\u00e9veloppement de l\u2019\u00e9conomie nationale.<\/p>\n<p>\u00ab\u00a0D\u2019importantes d\u00e9cisions ont \u00e9t\u00e9 prises derni\u00e8rement par le Gouvernement pour am\u00e9liorer la prise en charge sanitaire des citoyens des r\u00e9gions du Sud du pays\u00a0\u00bb, a soulign\u00e9 le ministre avant de r\u00e9v\u00e9ler que \u00ab\u00a0les r\u00e9gions de Tazrouk, Abalessa et Silet vont b\u00e9n\u00e9ficier de projets d\u2019alimentation en gaz naturel\u00a0\u00bb.<\/p>\n<p>Le ministre a, par ailleurs, rendu un grand hommage \u00e0 l\u2019Arm\u00e9e nationale populaire (ANP) pour ses efforts d\u00e9ploy\u00e9s pour assurer la protection des fronti\u00e8res et garantir la s\u00e9curit\u00e9 et la stabilit\u00e9, avant d\u2019appeler \u00e0 appuyer les efforts de l\u2019ANP.<\/p>\n<hr\/>\n<p><em><strong>Lire aussi:\u00a0<a href=\"http:\/\/www.aps.dz\/economie\/97640-tamanrasset-l-etat-a-consacre-des-enveloppes-colossales-pour-le-developpement-dans-le-sud\"><span class=\"highlight\">Tamanrasset<\/span>: l\u2019Etat a consacr\u00e9 des enveloppes colossales pour le d\u00e9veloppement dans le Sud<\/a><\/strong><\/em><\/p>\n<hr\/>\n<p>La wilaya de Tamanrasset s\u2019est vue accorder entre 2016 et 2019 un financement de plus de 20 milliards DA, tous secteurs confondus, pour la r\u00e9alisation des projets de routes, d\u2019\u00e9nergie, d\u2019am\u00e9nagement urbain, d\u2019\u00e9clairage public et de r\u00e9alisation de puits pastoraux.<\/p>\n<p>Tenue au nouveau si\u00e8ge de la wilaya de Tamanrasset, cette rencontre a \u00e9t\u00e9 mise \u00e0 profit par le pr\u00e9sident de l\u2019Assembl\u00e9e populaire de la wilaya (P\/APW), El-Ouandri El-Maghili, pour soulever une s\u00e9rie de pr\u00e9occupations portant sur l\u2019octroi d\u2019une tranche suppl\u00e9mentaire de diff\u00e9rents programmes d\u2019habitat, le renforcement des travaux de r\u00e9alisation de la RN-1 et du tron\u00e7on reliant Tamanrasset \u00e0 Tin-Zaouatine, l\u2019ouverture de nouveaux circuits pour promouvoir les activit\u00e9s touristiques dans la r\u00e9gion et l\u2019am\u00e9nagement d\u2019\u00e9tablissements p\u00e9dagogiques.<\/p>\n<p>Le ministre de l\u2019Int\u00e9rieur a, auparavant, proc\u00e9d\u00e9 au lancement d\u2019un projet de centre d\u2019accueil d\u2019immigr\u00e9s clandestins, d\u2019une capacit\u00e9 de 600 places, implant\u00e9 \u00e0 l\u2019entr\u00e9e Sud de Tamanrasset, entrant dans le cadre de la strat\u00e9gie de l\u2019Etat visant la prise en charge des immigr\u00e9s clandestins dans le respect des droits de l\u2019homme et des conventions sign\u00e9es \u00e0 ce titre par l\u2019Alg\u00e9rie.<\/p>\n<p>Selon le ministre, ce centre offre toutes les conditions n\u00e9cessaires de prise en charge des migrants clandestins, dont la prise en charge sanitaire, avant leur rapatriement vers leurs pays, ajoutant que toutes les proc\u00e9dures n\u00e9cessaires seront prises pour l\u2019ach\u00e8vement de cette structure d\u2019accueil.<\/p>\n<p>Le ministre a poursuivi sa tourn\u00e9e dans la r\u00e9gion par l\u2019inauguration du si\u00e8ge du service r\u00e9gional des moyens de communications de la suret\u00e9 nationale, o\u00f9 il a suivi un expos\u00e9 sur les diff\u00e9rentes missions d\u00e9volues \u00e0 ce service.<\/p>\n<p>Sur site, M. Dahmoune a mis en avant l\u2019importance de la formation continue et son r\u00f4le dans la promotion de la mission des \u00e9l\u00e9ments de ce corps de s\u00e9curit\u00e9, avant de signaler que neuf sessions de formation ont \u00e9t\u00e9 initi\u00e9es au profit de 800 policiers.<\/p>\n<p>Le ministre de l\u2019Int\u00e9rieur a \u00e9galement inspect\u00e9 le chantier du si\u00e8ge de la police judiciaire mobile, avant d\u2019inaugurer une \u00e9cole de police \u00e0 Tamanrasset, compos\u00e9e de 12 salles de cours, un amphith\u00e9\u00e2tre de 300 places et un parcours d\u2019entrainement.<\/p>\n<p>M. Dahmoune a aussi proc\u00e9d\u00e9, au deuxi\u00e8me et dernier jour de sa visite de travail, \u00e0 l\u2019inauguration du nouveau si\u00e8ge de la wilaya de Tamanrasset.<\/p>\n<\/div>\n<p>Auteur:<br \/>\n<a href=\"http:\/\/www.aps.dz\/regions\/97691-tamanrasset-un-programme-special-pour-accompagner-le-developpement-dans-la-region\">Cliquez ici pour lire l&rsquo;article depuis sa source.<\/a><\/p>\n","protected":false},"excerpt":{"rendered":"<p>TAMANRASSET &#8211; Le ministre de l\u2019Int\u00e9rieur, des Collectivit\u00e9s locales et de l\u2019Am\u00e9nagement du territoire, Salaheddine Dahmoune, a annonc\u00e9, lundi \u00e0 Tamanrasset, un programme sp\u00e9cial pour accompagner le d\u00e9veloppement dans cette wilaya. \u00ab\u00a0Un programme sp\u00e9cial a \u00e9t\u00e9 retenu pour accompagner le d\u00e9veloppement dans la wilaya de Tamanrasset qui a d\u00e9j\u00e0 enregistr\u00e9 un bond qualitatif en mati\u00e8re [&hellip;]<\/p>\n","protected":false},"author":1790,"featured_media":0,"comment_status":"closed","ping_status":"closed","sticky":false,"template":"","format":"standard","meta":{"fifu_image_url":"","fifu_image_alt":"","footnotes":""},"categories":[53,76],"tags":[],"class_list":["post-67823","post","type-post","status-publish","format-standard","hentry","category-algerie","category-regions"],"_links":{"self":[{"href":"https:\/\/linitiative.ca\/International\/wp-json\/wp\/v2\/posts\/67823","targetHints":{"allow":["GET"]}}],"collection":[{"href":"https:\/\/linitiative.ca\/International\/wp-json\/wp\/v2\/posts"}],"about":[{"href":"https:\/\/linitiative.ca\/International\/wp-json\/wp\/v2\/types\/post"}],"author":[{"embeddable":true,"href":"https:\/\/linitiative.ca\/International\/wp-json\/wp\/v2\/users\/1790"}],"replies":[{"embeddable":true,"href":"https:\/\/linitiative.ca\/International\/wp-json\/wp\/v2\/comments?post=67823"}],"version-history":[{"count":0,"href":"https:\/\/linitiative.ca\/International\/wp-json\/wp\/v2\/posts\/67823\/revisions"}],"wp:attachment":[{"href":"https:\/\/linitiative.ca\/International\/wp-json\/wp\/v2\/media?parent=67823"}],"wp:term":[{"taxonomy":"category","embeddable":true,"href":"https:\/\/linitiative.ca\/International\/wp-json\/wp\/v2\/categories?post=67823"},{"taxonomy":"post_tag","embeddable":true,"href":"https:\/\/linitiative.ca\/International\/wp-json\/wp\/v2\/tags?post=67823"}],"curies":[{"name":"wp","href":"https:\/\/api.w.org\/{rel}","templated":true}]}}