{"id":67824,"date":"2019-11-18T12:55:38","date_gmt":"2019-11-18T17:55:38","guid":{"rendered":"https:\/\/linitiative.ca\/International\/un-nouveau-programme-dote-de-40-milliards-da-pour-la-refection-des-chemins-de-wilayas-et-vicinaux\/"},"modified":"2019-11-18T12:55:38","modified_gmt":"2019-11-18T17:55:38","slug":"un-nouveau-programme-dote-de-40-milliards-da-pour-la-refection-des-chemins-de-wilayas-et-vicinaux","status":"publish","type":"post","link":"https:\/\/linitiative.ca\/International\/un-nouveau-programme-dote-de-40-milliards-da-pour-la-refection-des-chemins-de-wilayas-et-vicinaux\/","title":{"rendered":"Un nouveau programme dot\u00e9 de 40 milliards DA pour la r\u00e9fection des chemins de wilayas et vicinaux"},"content":{"rendered":"<div readability=\"37\">\n<p><strong>NAAMA- Une enveloppe financi\u00e8re de l\u2019ordre de 40 milliards de DA a \u00e9t\u00e9 allou\u00e9e au titre du nouveau programme de 2020 pour la prise en charge d&rsquo;op\u00e9rations de r\u00e9fection et de maintenance des chemins de\u00a0wilayas et vicinaux notamment dans le grand Sud alg\u00e9rien et les Hauts plateaux, a annonc\u00e9 lundi \u00e0 N\u00e2ama le ministre des Travaux publics et des Transports, Mustapha Koraba.<\/strong><\/p>\n<\/div>\n<div readability=\"73\">\n<p>Inspectant des chantiers de confortement et de r\u00e9novation de plusieurs axes routiers dans le cadre de la deuxi\u00e8me et derni\u00e8re journ\u00e9e de sa visite dans la wilaya, M. Koraba a affirm\u00e9 que son d\u00e9partement minist\u00e9riel accorde un grand int\u00e9r\u00eat au programme de 2020 comportant des projets de r\u00e9habilitation et de modernisation des axes routiers endommag\u00e9s par les intemp\u00e9ries surtout ceux situ\u00e9es dans le Sud du pays, les Hauts plateaux et dans les zones frontali\u00e8res.<\/p>\n<p>Le ministre a fait part, \u00e0 ce propos, de la prise en charge totale de la route sur la bande frontali\u00e8re du territoire de N\u00e2ama reliant l\u2019extr\u00eame nord-ouest de la wilaya au sud-ouest sur une distance de 630 kilom\u00e8tres, soulignant que les affectations budg\u00e9taires n\u00e9cessaires seront mobilis\u00e9es au titre de l\u2019exercice prochain pour l\u2019ach\u00e8vement des travaux d\u2019ouverture de pistes et leur am\u00e9nagement, ainsi que le rev\u00eatement de 112 km restants de cet axe important.<\/p>\n<blockquote readability=\"10\">\n<p><strong>S\u2019agissant du programme de confortement, d&rsquo;am\u00e9nagement et de d\u00e9doublement des routes nationales dont la RN 6 dans son tron\u00e7on reliant les wilayas de N\u00e2ama et de B\u00e9char, Mustapha Kouraba a indiqu\u00e9 qu\u2019un budget a \u00e9t\u00e9 d\u00e9bloqu\u00e9 au titre du programme de l\u2019exercice prochain pour la r\u00e9alisation des\u00a0tron\u00e7ons restants du d\u00e9doublement de cette voie.<\/strong><\/p>\n<\/blockquote>\n<p>En visitant le chantier de r\u00e9habilitation du chemin de wilaya 5 (CW 5) en cours pour la prise en charge de 20 km de cet axe dans son tron\u00e7on reliant les communes de Sfissifa et Djenine Bourezk qui enregistre un taux d\u2019avancement de 60 %, le ministre a insist\u00e9 sur l\u2019acc\u00e9l\u00e9ration du rythme des travaux et la r\u00e9duction des d\u00e9lais de r\u00e9ception du projet, surtout que la r\u00e9gion enregistre durant la p\u00e9riode hivernale des crues des oueds ce qui n\u00e9cessite de corriger les points noirs en urgence en accordant un int\u00e9r\u00eat \u00e0<\/p>\n<p>la maintenance p\u00e9riodique de ces acc\u00e8s pour d\u00e9senclaver les r\u00e9gions \u00e9loign\u00e9es de la wilaya.<\/p>\n<p>Mustapha Koraba a relev\u00e9 que des sommes consid\u00e9rables ont \u00e9t\u00e9 consacr\u00e9es par l\u2019Etat pour la r\u00e9alisation de projets de r\u00e9fection et de modernisation des routes, d\u00e9clarant que \u00ab\u00a0l\u2019enjeu actuel est de promouvoir la r\u00e9alisation de ces infrastructures pour assurer leur p\u00e9rennit\u00e9\u00a0\u00bb.<\/p>\n<blockquote readability=\"8\">\n<p><strong>Dans la commune de Tiout, le ministre a inspect\u00e9 le chantier de modernisation de la route nationale (RN 6) longue de 13 km entre Hadjadj et Essam dont les travaux tirent \u00e0 leur fin. A cette occasion il a exprim\u00e9 sa satisfaction quant \u00e0 la qualit\u00e9 des travaux.<\/strong><\/p>\n<\/blockquote>\n<p>M.Koraba s&rsquo;est enquis de la marche des travaux de r\u00e9alisation d\u2019un ouvrage d\u2019art et de correction torrentielle au niveau de la r\u00e9gion de Draa Essaa lanc\u00e9s derni\u00e8rement, insistant sur le respect des normes en vigueur de r\u00e9alisation de telles infrastructures qui rev\u00eatent une importance capitale, surtout que la r\u00e9gion forme le point d\u2019intersection d&rsquo;oueds.<\/p>\n<\/div>\n<p>Auteur:<br \/>\n<a href=\"http:\/\/www.aps.dz\/regions\/97694-un-nouveau-programme-dote-de-40-milliards-da-pour-la-refection-des-chemins-de-wilayas-et-vicinaux\">Cliquez ici pour lire l&rsquo;article depuis sa source.<\/a><\/p>\n","protected":false},"excerpt":{"rendered":"<p>NAAMA- Une enveloppe financi\u00e8re de l\u2019ordre de 40 milliards de DA a \u00e9t\u00e9 allou\u00e9e au titre du nouveau programme de 2020 pour la prise en charge d&rsquo;op\u00e9rations de r\u00e9fection et de maintenance des chemins de\u00a0wilayas et vicinaux notamment dans le grand Sud alg\u00e9rien et les Hauts plateaux, a annonc\u00e9 lundi \u00e0 N\u00e2ama le ministre des [&hellip;]<\/p>\n","protected":false},"author":1790,"featured_media":0,"comment_status":"closed","ping_status":"closed","sticky":false,"template":"","format":"standard","meta":{"fifu_image_url":"","fifu_image_alt":"","footnotes":""},"categories":[53,76],"tags":[],"class_list":["post-67824","post","type-post","status-publish","format-standard","hentry","category-algerie","category-regions"],"_links":{"self":[{"href":"https:\/\/linitiative.ca\/International\/wp-json\/wp\/v2\/posts\/67824","targetHints":{"allow":["GET"]}}],"collection":[{"href":"https:\/\/linitiative.ca\/International\/wp-json\/wp\/v2\/posts"}],"about":[{"href":"https:\/\/linitiative.ca\/International\/wp-json\/wp\/v2\/types\/post"}],"author":[{"embeddable":true,"href":"https:\/\/linitiative.ca\/International\/wp-json\/wp\/v2\/users\/1790"}],"replies":[{"embeddable":true,"href":"https:\/\/linitiative.ca\/International\/wp-json\/wp\/v2\/comments?post=67824"}],"version-history":[{"count":0,"href":"https:\/\/linitiative.ca\/International\/wp-json\/wp\/v2\/posts\/67824\/revisions"}],"wp:attachment":[{"href":"https:\/\/linitiative.ca\/International\/wp-json\/wp\/v2\/media?parent=67824"}],"wp:term":[{"taxonomy":"category","embeddable":true,"href":"https:\/\/linitiative.ca\/International\/wp-json\/wp\/v2\/categories?post=67824"},{"taxonomy":"post_tag","embeddable":true,"href":"https:\/\/linitiative.ca\/International\/wp-json\/wp\/v2\/tags?post=67824"}],"curies":[{"name":"wp","href":"https:\/\/api.w.org\/{rel}","templated":true}]}}