{"id":67825,"date":"2019-11-17T18:24:50","date_gmt":"2019-11-17T23:24:50","guid":{"rendered":"https:\/\/linitiative.ca\/International\/9-589-candidats-au-concours-des-enseignants-cadres-de-laref\/"},"modified":"2019-11-17T18:24:50","modified_gmt":"2019-11-17T23:24:50","slug":"9-589-candidats-au-concours-des-enseignants-cadres-de-laref","status":"publish","type":"post","link":"https:\/\/linitiative.ca\/International\/9-589-candidats-au-concours-des-enseignants-cadres-de-laref\/","title":{"rendered":"9.589 candidats au concours des enseignants-cadres de l\u2019AREF"},"content":{"rendered":"<p class=\"c1\">Quelque 9.589 candidats ont pass\u00e9, samedi, le concours de recrutement des enseignants-cadres de l\u2019Acad\u00e9mie r\u00e9gionale d\u2019\u00e9ducation et de formation (AREF) de l\u2019Oriental (session de novembre 2019).<\/p>\n<p class=\"c1\">Il s\u2019agit de 6.341 candidats pour l\u2019enseignement primaire, dont 81 dans la sp\u00e9cialit\u00e9 Amazigh, et 3.329 pour l\u2019enseignement secondaire avec un total de 11 sp\u00e9cialit\u00e9s, indique un communiqu\u00e9 de l\u2019AREF.<\/p>\n<p class=\"c1\">Notant que le concours s\u2019est d\u00e9roul\u00e9 dans de \u2018\u2019bonnes conditions\u2019\u2019 avec un engagement responsable des diff\u00e9rents intervenants, le communiqu\u00e9 fait savoir que le taux d\u2019absence des candidats est \u00e9valu\u00e9 \u00e0 3,75 pour le primaire et 5,20 pour le secondaire, et que cinq cas de fraude ont \u00e9t\u00e9 d\u00e9tect\u00e9s.<\/p>\n<p class=\"c1\">L\u2019AREF de l\u2019Oriental, ajoute encore la m\u00eame source, a consacr\u00e9 38 centres pour le d\u00e9roulement des examens (25 pour le primaire et 13 pour le secondaire) r\u00e9partis entre les directions provinciales relevant de l\u2019Acad\u00e9mie dans la r\u00e9gion. De m\u00eame qu\u2019elle a mobilis\u00e9 529 salles pour les candidats et 1.058 surveillants.<\/p>\n<p class=\"c1\">L\u2019op\u00e9ration de correction des copies, pr\u00e9cise-t-on, aura lieu dans 9 centres r\u00e9partis sur les diff\u00e9rentes directions provinciales, et ce avec la participation de 555 correcteurs.<\/p>\n<p class=\"c1\">Selon le communiqu\u00e9, les postes allou\u00e9s \u00e0 l\u2019AREF de l\u2019Oriental pour le primaire sont au nombre de 695 (679 dans la sp\u00e9cialit\u00e9 bilingue, 16 dans la sp\u00e9cialit\u00e9 Amazigh), en plus de 450 postes d\u00e9dies au secondaire.<\/p>\n<p>Auteur: Soufiane ELAHMAR<br \/>\n<a href=\"http:\/\/www.mapoujda.ma\/fr\/9-589-candidats-au-concours-des-enseignants-cadres-de-laref\/\">Cliquez ici pour lire l&rsquo;article depuis sa source.<\/a><\/p>\n","protected":false},"excerpt":{"rendered":"<p>Quelque 9.589 candidats ont pass\u00e9, samedi, le concours de recrutement des enseignants-cadres de l\u2019Acad\u00e9mie r\u00e9gionale d\u2019\u00e9ducation et de formation (AREF) de l\u2019Oriental (session de novembre 2019). Il s\u2019agit de 6.341 candidats pour l\u2019enseignement primaire, dont 81 dans la sp\u00e9cialit\u00e9 Amazigh, et 3.329 pour l\u2019enseignement secondaire avec un total de 11 sp\u00e9cialit\u00e9s, indique un communiqu\u00e9 de [&hellip;]<\/p>\n","protected":false},"author":1788,"featured_media":0,"comment_status":"closed","ping_status":"closed","sticky":false,"template":"","format":"standard","meta":{"fifu_image_url":"","fifu_image_alt":"","footnotes":""},"categories":[54,76],"tags":[],"class_list":["post-67825","post","type-post","status-publish","format-standard","hentry","category-maroc","category-regions"],"_links":{"self":[{"href":"https:\/\/linitiative.ca\/International\/wp-json\/wp\/v2\/posts\/67825","targetHints":{"allow":["GET"]}}],"collection":[{"href":"https:\/\/linitiative.ca\/International\/wp-json\/wp\/v2\/posts"}],"about":[{"href":"https:\/\/linitiative.ca\/International\/wp-json\/wp\/v2\/types\/post"}],"author":[{"embeddable":true,"href":"https:\/\/linitiative.ca\/International\/wp-json\/wp\/v2\/users\/1788"}],"replies":[{"embeddable":true,"href":"https:\/\/linitiative.ca\/International\/wp-json\/wp\/v2\/comments?post=67825"}],"version-history":[{"count":0,"href":"https:\/\/linitiative.ca\/International\/wp-json\/wp\/v2\/posts\/67825\/revisions"}],"wp:attachment":[{"href":"https:\/\/linitiative.ca\/International\/wp-json\/wp\/v2\/media?parent=67825"}],"wp:term":[{"taxonomy":"category","embeddable":true,"href":"https:\/\/linitiative.ca\/International\/wp-json\/wp\/v2\/categories?post=67825"},{"taxonomy":"post_tag","embeddable":true,"href":"https:\/\/linitiative.ca\/International\/wp-json\/wp\/v2\/tags?post=67825"}],"curies":[{"name":"wp","href":"https:\/\/api.w.org\/{rel}","templated":true}]}}