{"id":67837,"date":"2019-11-17T18:00:00","date_gmt":"2019-11-17T23:00:00","guid":{"rendered":"https:\/\/linitiative.ca\/International\/cooperation-algero-allemande-renforcement-de-la-gouvernance-climatique\/"},"modified":"2019-11-17T18:00:00","modified_gmt":"2019-11-17T23:00:00","slug":"cooperation-algero-allemande-renforcement-de-la-gouvernance-climatique","status":"publish","type":"post","link":"https:\/\/linitiative.ca\/International\/cooperation-algero-allemande-renforcement-de-la-gouvernance-climatique\/","title":{"rendered":"Coop\u00e9ration alg\u00e9ro-allemande :  Renforcement de la gouvernance climatique"},"content":{"rendered":"<p>Un atelier pour lancer de fa\u00e7on officielle les activit\u00e9s inscrites dans le cadre du projet port\u00e9 par la GIZ (Agence de coop\u00e9ration allemande), intitul\u00e9 \u00abRenforcement de la gouvernance climatique au service de la mise en \u0153uvre de la Contribution d\u00e9termin\u00e9e au niveau national\u00bb, soumise par l\u2019Alg\u00e9rie dans le cadre de son adh\u00e9sion \u00e0 l\u2019Accord de Paris, a \u00e9t\u00e9 organis\u00e9 hier \u00e0 Alger.\u00c0 cette occasion, la ministre de\u00a0 l\u2019Environnement et des Energies renouvelables, Zerouati, a rappel\u00e9 que\u00a0 l\u2019Alg\u00e9rie s\u2019est engag\u00e9e \u00e0 mettre sa contribution d\u00e9termin\u00e9e au niveau national en lan\u00e7ant le projet de coop\u00e9ration alg\u00e9ro-allemand sur le renforcement de la gouvernance climatique, dans le cadre d\u2019un partenariat entre le minist\u00e8re des Affaires \u00e9trang\u00e8res et son minist\u00e8re. \u00abCe projet vise le renforcement de la gouvernance climatique en Alg\u00e9rie\u00bb a soulign\u00e9 la ministre qui soulignera que ce projet\u00a0\u00a0\u00a0\u00a0 repose sur trois piliers qui sont le l\u00e9gislatif, l\u2019institutionnel et le financier. Mme Zerouati indiquera aussi que \u00able lancement de ce projet arrive juste \u00e0 la suite de l\u2019adoption du Plan national climat de l\u2019Alg\u00e9rie (PNC)\u00a0 o\u00f9 le gouvernement a \u00e9tabli une ambitieuse feuille de route aux changements climatiques en Alg\u00e9rie\u00bb. Il co\u00efncide aussi avec l\u2019installation du Commissariat des \u00e9nergies renouvelables et le lancement d\u2019autres projets sur l\u2019efficacit\u00e9 \u00e9nerg\u00e9tique et les \u00e9nergies renouvelables avec le lancement du projet et la troisi\u00e8me communication nationale. De nombreuses\u00a0 autres activit\u00e9s sont en cours de r\u00e9alisation autour de la question des changements climatiques. Ces efforts refl\u00e8tent selon le membre du gouvernement\u00a0\u00a0 \u00abl\u2019engagement de notre pays \u00e0 avancer dans nos engagements \u00e0 la lutte contre les changements climatiques tant pour l\u2019adaptation que l\u2019att\u00e9nuation\u00bb. Et d\u2019affirmer que \u00able plan national climat est le premier jalon de l\u2019Alg\u00e9rie pour se conformer aux engagements pris dans le cadre de l\u2019Accord de Paris\u00bb. L\u2019Alg\u00e9rie qui ambitionne de r\u00e9duire entre 2021 et 2030, les \u00e9missions nationales de gaz \u00e0 effet de serre de 7% pourrait selon la ministre faire preuve de plus d\u2019ambition si\u00a0 les soutiens financiers internationaux sont accord\u00e9s. Et de rappeler que \u00ables pays d\u00e9velopp\u00e9s\u00a0 se sont engag\u00e9s\u00a0 \u00e0 aider les pays en d\u00e9veloppement, d\u2019autant, ne manquera pas de relever Mme Zerouati que c\u2019est ce volet qui constitue le maillon faible en Alg\u00e9rie et qu\u2019il y a lieu de le renforcer, notamment en d\u00e9veloppan des projets et le montage financier de projets \u00e0 soumettre aux diff\u00e9rents bailleurs de fonds. L\u2019adaptation de la l\u00e9gislation alg\u00e9rienne qui n\u2019a pas int\u00e9gr\u00e9 tous les nouveaux concepts et processus de changements climatiques, pourrait \u00eatre r\u00e9vis\u00e9e par l\u2019int\u00e9gration des changements climatiques dans le dispositif r\u00e9glementaire notamment \u00e0 tout ce qui touche le volet financement pour l\u2019adapter au nouveau contexte international. Le repr\u00e9sentant du minist\u00e8re des Affaires \u00e9trang\u00e8res, Athmane Mehadji a soulign\u00e9, pour sa part, le fait que l\u2019Accord de Paris sur le Climat adopt\u00e9 fin 2015 impose une r\u00e9alit\u00e9 nouvelle et oblige l\u2019Alg\u00e9rie\u00a0 \u00e0 aller plus de l\u2019avant pour ce qui se rapporte \u00e0 la d\u00e9fense climatique. Une nouvelle situation qui renvoie, selon le sous directeur de l\u2019Environnement et du d\u00e9veloppement durable et social, \u00e0 l\u2019adoption \u00abde normes et des standards nouveaux\u00bb cens\u00e9s permettre \u00e0 l\u2019Alg\u00e9rie d\u2019atteindre les engagements contract\u00e9s. Toutefois, estime M. Mehadji, la r\u00e9duction des \u00e9missions \u00e0 effets de serre de 7% \u00abn\u2019est pas une chose ais\u00e9e pour un pays en d\u00e9veloppement comme le n\u00f4tre\u00bb. Mais, m\u00eame si, selon lui, \u00abdes obstacles innombrables s\u2019y opposent\u00bb, il reste que la t\u00e2che n\u2019est pas impossible \u00e0 accomplir si l\u2019on y met \u00abla volont\u00e9 n\u00e9cessaire\u00bb.<br \/>Sur l\u2019objectif assign\u00e9 \u00e0 l\u2019atelier, qui durera une semaine et auquel prennent part des repr\u00e9sentants de nombreux d\u00e9partements minist\u00e9riels, il dira qu\u2019il est double.\u00a0 D\u2019une part, il vise \u00e0 restituer aux membres du Comit\u00e9 national climat et autres participants les \u00e9volutions enregistr\u00e9es \u00e0 l\u2019issue des diff\u00e9rentes \u00e9tapes franchies pour le lancement du projet et d\u2019autre part, il a pour finalit\u00e9 l\u2019identification par les acteurs cl\u00e9, des activit\u00e9s devant \u00eatre men\u00e9s dans le cadre des quatre composantes du projet que sont la gouvernance, l\u2019adaptation, l\u2019att\u00e9nuation et l\u2019approche territoriale.\u00a0 Les secteurs de l\u2019Energie et des for\u00eats ont \u00e9t\u00e9 choisis pour le volet adaptation et\u00a0 Guelma et Djelfa ont \u00e9t\u00e9 choisies comme wilayas pilotes pour niveau local.<br \/>\u00a0Le repr\u00e9sentant de l\u2019ambassade d\u2019Allemagne a indiqu\u00e9 pour sa part qu\u2019il existe entre l\u2019Alg\u00e9rie et son pays une longue tradition de coop\u00e9ration dans le domaine climatique. Il en voudra pour preuve la pr\u00e9sence en Alg\u00e9rie de la GIZ qui remonte aux ann\u00e9es 1970. Il dira aussi son souhait de voir les deux pays \u00abprogresser ensemble pour concr\u00e9tiser les engagements pris et rehausser les ambitions afin de lutter contre les changements climatiques\u00bb. La directrice r\u00e9sidente de GIZ indiquera\u00a0 dans son allocution que \u00abla prochaine \u00e9tape sera la signature de l\u2019accord d\u2019ex\u00e9cution du projet\u00bb.\u00a0\u00a0<br \/>N. Kerraz\u00a0\u00a0\u00a0\u00a0\u00a0\u00a0<\/p>\n<p>Auteur: elmoudjahid<br \/>\n<a href=\"http:\/\/www.elmoudjahid.com\/fr\/actualites\/144641\">Cliquez ici pour lire l&rsquo;article depuis sa source.<\/a><\/p>\n","protected":false},"excerpt":{"rendered":"<p>Un atelier pour lancer de fa\u00e7on officielle les activit\u00e9s inscrites dans le cadre du projet port\u00e9 par la GIZ (Agence de coop\u00e9ration allemande), intitul\u00e9 \u00abRenforcement de la gouvernance climatique au service de la mise en \u0153uvre de la Contribution d\u00e9termin\u00e9e au niveau national\u00bb, soumise par l\u2019Alg\u00e9rie dans le cadre de son adh\u00e9sion \u00e0 l\u2019Accord de [&hellip;]<\/p>\n","protected":false},"author":1744,"featured_media":0,"comment_status":"closed","ping_status":"closed","sticky":false,"template":"","format":"standard","meta":{"fifu_image_url":"","fifu_image_alt":"","footnotes":""},"categories":[73,53],"tags":[],"class_list":["post-67837","post","type-post","status-publish","format-standard","hentry","category-actualite","category-algerie"],"_links":{"self":[{"href":"https:\/\/linitiative.ca\/International\/wp-json\/wp\/v2\/posts\/67837","targetHints":{"allow":["GET"]}}],"collection":[{"href":"https:\/\/linitiative.ca\/International\/wp-json\/wp\/v2\/posts"}],"about":[{"href":"https:\/\/linitiative.ca\/International\/wp-json\/wp\/v2\/types\/post"}],"author":[{"embeddable":true,"href":"https:\/\/linitiative.ca\/International\/wp-json\/wp\/v2\/users\/1744"}],"replies":[{"embeddable":true,"href":"https:\/\/linitiative.ca\/International\/wp-json\/wp\/v2\/comments?post=67837"}],"version-history":[{"count":0,"href":"https:\/\/linitiative.ca\/International\/wp-json\/wp\/v2\/posts\/67837\/revisions"}],"wp:attachment":[{"href":"https:\/\/linitiative.ca\/International\/wp-json\/wp\/v2\/media?parent=67837"}],"wp:term":[{"taxonomy":"category","embeddable":true,"href":"https:\/\/linitiative.ca\/International\/wp-json\/wp\/v2\/categories?post=67837"},{"taxonomy":"post_tag","embeddable":true,"href":"https:\/\/linitiative.ca\/International\/wp-json\/wp\/v2\/tags?post=67837"}],"curies":[{"name":"wp","href":"https:\/\/api.w.org\/{rel}","templated":true}]}}