{"id":67838,"date":"2019-11-17T18:00:00","date_gmt":"2019-11-17T23:00:00","guid":{"rendered":"https:\/\/linitiative.ca\/International\/chutes-de-neige-a-tlemcen-intervention-de-lanp\/"},"modified":"2019-11-17T18:00:00","modified_gmt":"2019-11-17T23:00:00","slug":"chutes-de-neige-a-tlemcen-intervention-de-lanp","status":"publish","type":"post","link":"https:\/\/linitiative.ca\/International\/chutes-de-neige-a-tlemcen-intervention-de-lanp\/","title":{"rendered":"Chutes de neige \u00e0 Tlemcen : Intervention de l\u2019ANP"},"content":{"rendered":"<p>Des d\u00e9tachements de l&rsquo;Arm\u00e9e nationale populaire (ANP) ont men\u00e9 samedi \u00e0 Tlemcen plusieurs interventions pour d\u00e9senclaver les zones touch\u00e9es par les fortes chutes de neige et pr\u00eater assistance aux populations, indique un communiqu\u00e9 du minist\u00e8re de la D\u00e9fense nationale (MDN). \u00abEn ex\u00e9cution des instructions du g\u00e9n\u00e9ral de corps d&rsquo;Arm\u00e9e, vice-ministre de la D\u00e9fense nationale, chef d&rsquo;Etat-major de l&rsquo;Arm\u00e9e nationale populaire relatives \u00e0 l&rsquo;intervention rapide des unit\u00e9s de l&rsquo;ANP d\u00e9ploy\u00e9es dans les r\u00e9gions qui enregistrent des intemp\u00e9ries, et suite aux fortes chutes de neige qu&rsquo;a connues samedi 16 novembre 2019, Tlemcen (2e R\u00e9gion militaire), et qui ont entrav\u00e9 la circulation sur certains axes routiers, des d\u00e9tachements de l&rsquo;ANP ont op\u00e9r\u00e9 des interventions pour ouvrir les routes bloqu\u00e9es et d\u00e9senclaver les zones touch\u00e9es par ces intemp\u00e9ries et pr\u00eater assistance aux populations surtout sur la RN 99 et le chemin de wilaya num\u00e9ro 106\u00bb, pr\u00e9cise le communiqu\u00e9.<\/p>\n<p>Auteur: elmoudjahid<br \/>\n<a href=\"http:\/\/www.elmoudjahid.com\/fr\/actualites\/144642\">Cliquez ici pour lire l&rsquo;article depuis sa source.<\/a><\/p>\n","protected":false},"excerpt":{"rendered":"<p>Des d\u00e9tachements de l&rsquo;Arm\u00e9e nationale populaire (ANP) ont men\u00e9 samedi \u00e0 Tlemcen plusieurs interventions pour d\u00e9senclaver les zones touch\u00e9es par les fortes chutes de neige et pr\u00eater assistance aux populations, indique un communiqu\u00e9 du minist\u00e8re de la D\u00e9fense nationale (MDN). \u00abEn ex\u00e9cution des instructions du g\u00e9n\u00e9ral de corps d&rsquo;Arm\u00e9e, vice-ministre de la D\u00e9fense nationale, chef [&hellip;]<\/p>\n","protected":false},"author":1744,"featured_media":0,"comment_status":"closed","ping_status":"closed","sticky":false,"template":"","format":"standard","meta":{"fifu_image_url":"","fifu_image_alt":"","footnotes":""},"categories":[73,53],"tags":[],"class_list":["post-67838","post","type-post","status-publish","format-standard","hentry","category-actualite","category-algerie"],"_links":{"self":[{"href":"https:\/\/linitiative.ca\/International\/wp-json\/wp\/v2\/posts\/67838","targetHints":{"allow":["GET"]}}],"collection":[{"href":"https:\/\/linitiative.ca\/International\/wp-json\/wp\/v2\/posts"}],"about":[{"href":"https:\/\/linitiative.ca\/International\/wp-json\/wp\/v2\/types\/post"}],"author":[{"embeddable":true,"href":"https:\/\/linitiative.ca\/International\/wp-json\/wp\/v2\/users\/1744"}],"replies":[{"embeddable":true,"href":"https:\/\/linitiative.ca\/International\/wp-json\/wp\/v2\/comments?post=67838"}],"version-history":[{"count":0,"href":"https:\/\/linitiative.ca\/International\/wp-json\/wp\/v2\/posts\/67838\/revisions"}],"wp:attachment":[{"href":"https:\/\/linitiative.ca\/International\/wp-json\/wp\/v2\/media?parent=67838"}],"wp:term":[{"taxonomy":"category","embeddable":true,"href":"https:\/\/linitiative.ca\/International\/wp-json\/wp\/v2\/categories?post=67838"},{"taxonomy":"post_tag","embeddable":true,"href":"https:\/\/linitiative.ca\/International\/wp-json\/wp\/v2\/tags?post=67838"}],"curies":[{"name":"wp","href":"https:\/\/api.w.org\/{rel}","templated":true}]}}