{"id":67839,"date":"2019-11-17T18:00:00","date_gmt":"2019-11-17T23:00:00","guid":{"rendered":"https:\/\/linitiative.ca\/International\/m-boukadoum-en-visite-officielle-aux-emirats-arabes-unis-renforcement-des-liens-de-fraternite\/"},"modified":"2019-11-17T18:00:00","modified_gmt":"2019-11-17T23:00:00","slug":"m-boukadoum-en-visite-officielle-aux-emirats-arabes-unis-renforcement-des-liens-de-fraternite","status":"publish","type":"post","link":"https:\/\/linitiative.ca\/International\/m-boukadoum-en-visite-officielle-aux-emirats-arabes-unis-renforcement-des-liens-de-fraternite\/","title":{"rendered":"M. Boukadoum en visite officielle aux \u00e9mirats Arabes Unis : Renforcement des liens de fraternit\u00e9"},"content":{"rendered":"<p>Le ministre des Affaires \u00e9trang\u00e8res, Sabri Boukadoum, effectuera une visite officielle aux Emirats arabes unis \u00e0 partir d\u2019aujourd\u2019hui, a indiqu\u00e9 un communiqu\u00e9 du minist\u00e8re. \u00abCette visite s&rsquo;inscrit dans le cadre du renforcement des liens de fraternit\u00e9 et des relations de coop\u00e9ration liant l&rsquo;Alg\u00e9rie et les Emirats arabes unis\u00bb, a pr\u00e9cis\u00e9 le communiqu\u00e9, soulignant que \u00abM.\u2008Boukadoum aura des entretiens avec son homologue \u00e9mirati, Cheikh Abdellah Zayed Al Nahyane et d&rsquo;autres responsables sur l&rsquo;\u00e9tat des relations bilat\u00e9rales\u00bb.<br \/>Les deux parties examineront, lors de cette visite, \u00ables voies et moyens de renforcer les relations bilat\u00e9rales et de les diversifier dans tous les domaines. Elles proc\u00e9deront \u00e9galement \u00e0 un \u00e9change de vues concernant les questions arabes, r\u00e9gionales et internationales d&rsquo;int\u00e9r\u00eat commun\u00bb, a ajout\u00e9 le communiqu\u00e9.<\/p>\n<p>Auteur: elmoudjahid<br \/>\n<a href=\"http:\/\/www.elmoudjahid.com\/fr\/actualites\/144643\">Cliquez ici pour lire l&rsquo;article depuis sa source.<\/a><\/p>\n","protected":false},"excerpt":{"rendered":"<p>Le ministre des Affaires \u00e9trang\u00e8res, Sabri Boukadoum, effectuera une visite officielle aux Emirats arabes unis \u00e0 partir d\u2019aujourd\u2019hui, a indiqu\u00e9 un communiqu\u00e9 du minist\u00e8re. \u00abCette visite s&rsquo;inscrit dans le cadre du renforcement des liens de fraternit\u00e9 et des relations de coop\u00e9ration liant l&rsquo;Alg\u00e9rie et les Emirats arabes unis\u00bb, a pr\u00e9cis\u00e9 le communiqu\u00e9, soulignant que \u00abM.\u2008Boukadoum [&hellip;]<\/p>\n","protected":false},"author":1744,"featured_media":0,"comment_status":"closed","ping_status":"closed","sticky":false,"template":"","format":"standard","meta":{"fifu_image_url":"","fifu_image_alt":"","footnotes":""},"categories":[73,53],"tags":[],"class_list":["post-67839","post","type-post","status-publish","format-standard","hentry","category-actualite","category-algerie"],"_links":{"self":[{"href":"https:\/\/linitiative.ca\/International\/wp-json\/wp\/v2\/posts\/67839","targetHints":{"allow":["GET"]}}],"collection":[{"href":"https:\/\/linitiative.ca\/International\/wp-json\/wp\/v2\/posts"}],"about":[{"href":"https:\/\/linitiative.ca\/International\/wp-json\/wp\/v2\/types\/post"}],"author":[{"embeddable":true,"href":"https:\/\/linitiative.ca\/International\/wp-json\/wp\/v2\/users\/1744"}],"replies":[{"embeddable":true,"href":"https:\/\/linitiative.ca\/International\/wp-json\/wp\/v2\/comments?post=67839"}],"version-history":[{"count":0,"href":"https:\/\/linitiative.ca\/International\/wp-json\/wp\/v2\/posts\/67839\/revisions"}],"wp:attachment":[{"href":"https:\/\/linitiative.ca\/International\/wp-json\/wp\/v2\/media?parent=67839"}],"wp:term":[{"taxonomy":"category","embeddable":true,"href":"https:\/\/linitiative.ca\/International\/wp-json\/wp\/v2\/categories?post=67839"},{"taxonomy":"post_tag","embeddable":true,"href":"https:\/\/linitiative.ca\/International\/wp-json\/wp\/v2\/tags?post=67839"}],"curies":[{"name":"wp","href":"https:\/\/api.w.org\/{rel}","templated":true}]}}