{"id":67840,"date":"2019-11-18T05:13:00","date_gmt":"2019-11-18T10:13:00","guid":{"rendered":"https:\/\/linitiative.ca\/International\/programme-du-deuxieme-jour-de-la-campagne-electorale\/"},"modified":"2019-11-18T05:13:00","modified_gmt":"2019-11-18T10:13:00","slug":"programme-du-deuxieme-jour-de-la-campagne-electorale","status":"publish","type":"post","link":"https:\/\/linitiative.ca\/International\/programme-du-deuxieme-jour-de-la-campagne-electorale\/","title":{"rendered":"Programme du deuxi\u00e8me jour de la campagne \u00e9lectorale"},"content":{"rendered":"<p>Voici le programme actualis\u00e9 des candidats au\u00a0\u00a0 deuxi\u00e8me jour de la campagne \u00e9lectorale pour l&rsquo;\u00e9lection pr\u00e9sidentielle du\u00a0\u00a0 12 d\u00e9cembre 2019.\u00a0<\/p>\n<p>\u00a0 &#8211; Abdelaziz Belaid anime un meeting \u00e0 la maison de la culture \u00e0 Ain-Defla.\u00a0\u00a0\u00a0<\/p>\n<p>\u00a0\u00a0\u00a0\u00a0 &#8211; Abdelmadjid Tebboune anime un meeting populaire \u00e0 Adrar.<\/p>\n<p>\u00a0\u00a0 &#8211; Ali Benflis anime un meeting \u00e0 la maison de la culture Tahar Ouattar \u00e0\u00a0\u00a0 Souk Ahras (11h00) et un deuxi\u00e8me meeting \u00e0 la maison de la culture\u00a0\u00a0 Abdelmadjid Chefai \u00e0 Guelma (14h30).\u00a0<\/p>\n<p>\u00a0 &#8211; Abdelkader Bengrina anime un meeting \u00e0 la salle Omnisports dans la\u00a0\u00a0 wilaya de Blida (16h00).<\/p>\n<p>Auteur: elmoudjahid<br \/>\n<a href=\"http:\/\/www.elmoudjahid.com\/fr\/actualites\/144644\">Cliquez ici pour lire l&rsquo;article depuis sa source.<\/a><\/p>\n","protected":false},"excerpt":{"rendered":"<p>Voici le programme actualis\u00e9 des candidats au\u00a0\u00a0 deuxi\u00e8me jour de la campagne \u00e9lectorale pour l&rsquo;\u00e9lection pr\u00e9sidentielle du\u00a0\u00a0 12 d\u00e9cembre 2019.\u00a0 \u00a0 &#8211; Abdelaziz Belaid anime un meeting \u00e0 la maison de la culture \u00e0 Ain-Defla.\u00a0\u00a0\u00a0 \u00a0\u00a0\u00a0\u00a0 &#8211; Abdelmadjid Tebboune anime un meeting populaire \u00e0 Adrar. \u00a0\u00a0 &#8211; Ali Benflis anime un meeting \u00e0 la maison [&hellip;]<\/p>\n","protected":false},"author":1744,"featured_media":0,"comment_status":"closed","ping_status":"closed","sticky":false,"template":"","format":"standard","meta":{"fifu_image_url":"","fifu_image_alt":"","footnotes":""},"categories":[73,53],"tags":[],"class_list":["post-67840","post","type-post","status-publish","format-standard","hentry","category-actualite","category-algerie"],"_links":{"self":[{"href":"https:\/\/linitiative.ca\/International\/wp-json\/wp\/v2\/posts\/67840","targetHints":{"allow":["GET"]}}],"collection":[{"href":"https:\/\/linitiative.ca\/International\/wp-json\/wp\/v2\/posts"}],"about":[{"href":"https:\/\/linitiative.ca\/International\/wp-json\/wp\/v2\/types\/post"}],"author":[{"embeddable":true,"href":"https:\/\/linitiative.ca\/International\/wp-json\/wp\/v2\/users\/1744"}],"replies":[{"embeddable":true,"href":"https:\/\/linitiative.ca\/International\/wp-json\/wp\/v2\/comments?post=67840"}],"version-history":[{"count":0,"href":"https:\/\/linitiative.ca\/International\/wp-json\/wp\/v2\/posts\/67840\/revisions"}],"wp:attachment":[{"href":"https:\/\/linitiative.ca\/International\/wp-json\/wp\/v2\/media?parent=67840"}],"wp:term":[{"taxonomy":"category","embeddable":true,"href":"https:\/\/linitiative.ca\/International\/wp-json\/wp\/v2\/categories?post=67840"},{"taxonomy":"post_tag","embeddable":true,"href":"https:\/\/linitiative.ca\/International\/wp-json\/wp\/v2\/tags?post=67840"}],"curies":[{"name":"wp","href":"https:\/\/api.w.org\/{rel}","templated":true}]}}