{"id":67841,"date":"2019-11-18T06:11:18","date_gmt":"2019-11-18T11:11:18","guid":{"rendered":"https:\/\/linitiative.ca\/International\/97668-ligue-2-l-asm-oran-determinee-a-stopper-la-belle-serie-du-leader\/"},"modified":"2019-11-18T06:11:18","modified_gmt":"2019-11-18T11:11:18","slug":"97668-ligue-2-l-asm-oran-determinee-a-stopper-la-belle-serie-du-leader","status":"publish","type":"post","link":"https:\/\/linitiative.ca\/International\/97668-ligue-2-l-asm-oran-determinee-a-stopper-la-belle-serie-du-leader\/","title":{"rendered":"Ligue 2: \u00ab\u00a0l\u2019ASM Oran d\u00e9termin\u00e9e \u00e0 stopper la belle s\u00e9rie du leader\u00a0\u00bb"},"content":{"rendered":"<div readability=\"37\">\n<p><strong>ORAN &#8211; L\u2019ASM Oran est pr\u00eate \u00e0 stopper la belle s\u00e9rie du leader de la Ligue 2, l\u2019Olympique M\u00e9d\u00e9a, qu\u2019elle accueillera mercredi dans le cadre de la 13e journ\u00e9e du championnat, a indiqu\u00e9 lundi son entra\u00eeneur Salem Laoufi.<\/strong><\/p>\n<\/div>\n<div readability=\"80\">\n<p>\u00ab\u00a0Ce ne sera pas facile contre une \u00e9quipe qui marche tr\u00e8s fort, mais nous sommes d\u00e9termin\u00e9s \u00e0 jouer \u00e0 fond nos chances pour nous rapprocher davantage des quatre premi\u00e8res places donnant acc\u00e8s \u00e0 la Ligue 1 en fin de saison\u00a0\u00bb, a d\u00e9clar\u00e9 le coach oranais \u00e0 l\u2019APS.<\/p>\n<p>L\u2019OM, leader incontest\u00e9 de l\u2019antichambre avec six points d\u2019avance sur son poursuivant imm\u00e9diat, le WA Tlemcen, reste sur quatre victoires de rang dont deux \u00e0 l\u2019ext\u00e9rieur, ramen\u00e9es des terrains du MC El Eulma (4-0) et de la JSM B\u00e9ja\u00efa (2-1).<\/p>\n<blockquote readability=\"9\">\n<p><em><strong>\u00ab\u00a0L\u2019adversaire arrivera avec un moral au beau fixe. De notre c\u00f4t\u00e9, nous essayerons de trouver la meilleure formule pour \u00e9viter de gaspiller d\u2019autres points \u00e0 domicile\u00a0\u00bb, a poursuivi Salem Laoufi.<\/strong><\/em><\/p>\n<\/blockquote>\n<p>En fait, la formation de \u00ab\u00a0M\u2019dina J\u2019dida\u00a0\u00bb, qui reste sur une victoire et un nul, a d\u00e9j\u00e0 vendang\u00e9 quatre unit\u00e9s sur son terrain du stade Habib-Bouakeul. Elle occupe la cinqui\u00e8me place au classement g\u00e9n\u00e9ral avec 17 points, accusant un retard de 3 points du quatri\u00e8me, le RC Arba\u00e2, et 11 de son prochain adversaire.<\/p>\n<p>Pour la r\u00e9ception de l\u2019OM, et contrairement aux pr\u00e9c\u00e9dentes rencontres, l\u2019entra\u00eeneur oranais devra compter sur pratiquement tout son effectif, \u00e0 l&rsquo;exception de Berouis, toujours bless\u00e9. Les autres joueurs sont aptes pour prendre part \u00e0 ce rendez-vous, a-t-il assur\u00e9.<\/p>\n<p>Par ailleurs, le m\u00eame technicien a exprim\u00e9, pour la \u00e9ni\u00e8me fois, sa d\u00e9solation de la situation financi\u00e8re pr\u00e9valant au club et qui risque, selon ses dires, de porter pr\u00e9judice \u00e0 ses prot\u00e9g\u00e9s dans leur course \u00e0 l\u2019accession.<\/p>\n<p>\u00ab\u00a0Nous n\u2019avons toujours pas per\u00e7u de salaires depuis le d\u00e9but de la saison. M\u00eame les quelques primes de matchs auxquelles nous avons eu droit sont d\u00e9risoires\u00a0\u00bb, a-t-il d\u00e9plor\u00e9.<\/p>\n<\/div>\n<p>Auteur:<br \/>\n<a href=\"http:\/\/www.aps.dz\/sport\/97668-ligue-2-l-asm-oran-determinee-a-stopper-la-belle-serie-du-leader?utm_source=feedburner&#038;utm_medium=feed&#038;utm_campaign=Feed%3A+aps-sport+%28APS+-+SPORT%29\">Cliquez ici pour lire l&rsquo;article depuis sa source.<\/a><\/p>\n","protected":false},"excerpt":{"rendered":"<p>ORAN &#8211; L\u2019ASM Oran est pr\u00eate \u00e0 stopper la belle s\u00e9rie du leader de la Ligue 2, l\u2019Olympique M\u00e9d\u00e9a, qu\u2019elle accueillera mercredi dans le cadre de la 13e journ\u00e9e du championnat, a indiqu\u00e9 lundi son entra\u00eeneur Salem Laoufi. \u00ab\u00a0Ce ne sera pas facile contre une \u00e9quipe qui marche tr\u00e8s fort, mais nous sommes d\u00e9termin\u00e9s \u00e0 [&hellip;]<\/p>\n","protected":false},"author":1790,"featured_media":0,"comment_status":"closed","ping_status":"closed","sticky":false,"template":"","format":"standard","meta":{"fifu_image_url":"","fifu_image_alt":"","footnotes":""},"categories":[53,75],"tags":[],"class_list":["post-67841","post","type-post","status-publish","format-standard","hentry","category-algerie","category-sport"],"_links":{"self":[{"href":"https:\/\/linitiative.ca\/International\/wp-json\/wp\/v2\/posts\/67841","targetHints":{"allow":["GET"]}}],"collection":[{"href":"https:\/\/linitiative.ca\/International\/wp-json\/wp\/v2\/posts"}],"about":[{"href":"https:\/\/linitiative.ca\/International\/wp-json\/wp\/v2\/types\/post"}],"author":[{"embeddable":true,"href":"https:\/\/linitiative.ca\/International\/wp-json\/wp\/v2\/users\/1790"}],"replies":[{"embeddable":true,"href":"https:\/\/linitiative.ca\/International\/wp-json\/wp\/v2\/comments?post=67841"}],"version-history":[{"count":0,"href":"https:\/\/linitiative.ca\/International\/wp-json\/wp\/v2\/posts\/67841\/revisions"}],"wp:attachment":[{"href":"https:\/\/linitiative.ca\/International\/wp-json\/wp\/v2\/media?parent=67841"}],"wp:term":[{"taxonomy":"category","embeddable":true,"href":"https:\/\/linitiative.ca\/International\/wp-json\/wp\/v2\/categories?post=67841"},{"taxonomy":"post_tag","embeddable":true,"href":"https:\/\/linitiative.ca\/International\/wp-json\/wp\/v2\/tags?post=67841"}],"curies":[{"name":"wp","href":"https:\/\/api.w.org\/{rel}","templated":true}]}}