{"id":67846,"date":"2019-11-18T13:52:00","date_gmt":"2019-11-18T18:52:00","guid":{"rendered":"https:\/\/linitiative.ca\/International\/zeroual-recoit-une-delegation-des-militaires-a-la-retraite\/"},"modified":"2019-11-18T13:52:00","modified_gmt":"2019-11-18T18:52:00","slug":"zeroual-recoit-une-delegation-des-militaires-a-la-retraite","status":"publish","type":"post","link":"https:\/\/linitiative.ca\/International\/zeroual-recoit-une-delegation-des-militaires-a-la-retraite\/","title":{"rendered":"Zeroual re\u00e7oit  une d\u00e9l\u00e9gation des militaires \u00e0 la retraite !"},"content":{"rendered":"<p><br id=\"sep_para_1\" class=\"sep_para access\"\/><\/p>\n<div id=\"para_1\" class=\"para_34044466 resize\">\n<div class=\"texte access firstletter\">L\u2019ancien pr\u00e9sident de la R\u00e9publique, Liamine Zeroual a re\u00e7u chez lui \u00e0 Batna, une d\u00e9l\u00e9gation repr\u00e9sentant la Coordination nationale des militaires \u00e0 la retraite, des bless\u00e9s, des radi\u00e9s et des ayants droits conduite par Ammar Hassini, coordinateur de l\u2019organisation.<br \/>La coordination a demand\u00e9 audience \u00e0 l\u2019ex-chef de l\u2019Etat pour lui demander d\u2019intervenir aupr\u00e8s des hautes autorit\u00e9s du pays afin qu\u2019elles donnent une r\u00e9ponse favorable aux revendications des anciens militaires. Selon, un communiqu\u00e9 rendu public par la coordination, l\u2019ex-pr\u00e9sident de la R\u00e9publique a reconnu la l\u00e9gitimit\u00e9 des revendications exprim\u00e9es par les anciens militaires. Il a \u00e9galement conseill\u00e9 aux retrait\u00e9s de l\u2019arm\u00e9e de pr\u00e9server le caract\u00e8re pacifique de leur mouvement de protestation qui dure depuis 2012. En outre, il leur a promis de transmettre leurs dol\u00e9ances \u00e0 qui de droit avant de leur rappeler de maintenir l\u2019Alg\u00e9rie au-dessus de toute consid\u00e9ration.<\/div>\n<\/div>\n<p>Auteur: R\u00e9flexion<br \/>\n<a href=\"https:\/\/www.reflexiondz.net\/Zeroual-recoit-une-delegation-des-militaires-a-la-retraite-_a58890.html\">Cliquez ici pour lire l&rsquo;article depuis sa source.<\/a><\/p>\n","protected":false},"excerpt":{"rendered":"<p>L\u2019ancien pr\u00e9sident de la R\u00e9publique, Liamine Zeroual a re\u00e7u chez lui \u00e0 Batna, une d\u00e9l\u00e9gation repr\u00e9sentant la Coordination nationale des militaires \u00e0 la retraite, des bless\u00e9s, des radi\u00e9s et des ayants droits conduite par Ammar Hassini, coordinateur de l\u2019organisation.La coordination a demand\u00e9 audience \u00e0 l\u2019ex-chef de l\u2019Etat pour lui demander d\u2019intervenir aupr\u00e8s des hautes autorit\u00e9s [&hellip;]<\/p>\n","protected":false},"author":1740,"featured_media":0,"comment_status":"closed","ping_status":"closed","sticky":false,"template":"","format":"standard","meta":{"fifu_image_url":"","fifu_image_alt":"","footnotes":""},"categories":[53,76],"tags":[],"class_list":["post-67846","post","type-post","status-publish","format-standard","hentry","category-algerie","category-regions"],"_links":{"self":[{"href":"https:\/\/linitiative.ca\/International\/wp-json\/wp\/v2\/posts\/67846","targetHints":{"allow":["GET"]}}],"collection":[{"href":"https:\/\/linitiative.ca\/International\/wp-json\/wp\/v2\/posts"}],"about":[{"href":"https:\/\/linitiative.ca\/International\/wp-json\/wp\/v2\/types\/post"}],"author":[{"embeddable":true,"href":"https:\/\/linitiative.ca\/International\/wp-json\/wp\/v2\/users\/1740"}],"replies":[{"embeddable":true,"href":"https:\/\/linitiative.ca\/International\/wp-json\/wp\/v2\/comments?post=67846"}],"version-history":[{"count":0,"href":"https:\/\/linitiative.ca\/International\/wp-json\/wp\/v2\/posts\/67846\/revisions"}],"wp:attachment":[{"href":"https:\/\/linitiative.ca\/International\/wp-json\/wp\/v2\/media?parent=67846"}],"wp:term":[{"taxonomy":"category","embeddable":true,"href":"https:\/\/linitiative.ca\/International\/wp-json\/wp\/v2\/categories?post=67846"},{"taxonomy":"post_tag","embeddable":true,"href":"https:\/\/linitiative.ca\/International\/wp-json\/wp\/v2\/tags?post=67846"}],"curies":[{"name":"wp","href":"https:\/\/api.w.org\/{rel}","templated":true}]}}