{"id":67847,"date":"2019-11-18T13:52:00","date_gmt":"2019-11-18T18:52:00","guid":{"rendered":"https:\/\/linitiative.ca\/International\/un-portrait-de-bengrina-arrose-par-des-jets-doeufs\/"},"modified":"2019-11-18T13:52:00","modified_gmt":"2019-11-18T18:52:00","slug":"un-portrait-de-bengrina-arrose-par-des-jets-doeufs","status":"publish","type":"post","link":"https:\/\/linitiative.ca\/International\/un-portrait-de-bengrina-arrose-par-des-jets-doeufs\/","title":{"rendered":"Un portrait de Bengrina arros\u00e9 par des jets d\u2019\u0153ufs !"},"content":{"rendered":"<p><br id=\"sep_para_1\" class=\"sep_para access\"\/><\/p>\n<div id=\"para_1\" class=\"para_34044468 resize\">\n<div class=\"texte access firstletter\">Le candidat Abdelkader Bengrina a \u00e9t\u00e9 contraint d\u2019\u00e9courter sa sortie de proximit\u00e9 dans la capitale. Parti faire son apparition \u00e9lectorale au niveau de la Grande poste, lieu symbole du mouvement populaire n\u00e9 le 22 f\u00e9vrier, Bengrina s\u2019est content\u00e9 de prononcer quelques mots pendant moins d\u2019une dizaine de minutes devant les cam\u00e9ras et les micros des journalistes sous la pression des hirakistes rassembl\u00e9s en la circonstance. Accul\u00e9 lui et son staff de campagne, le candidat d\u2019ElBinaa a pr\u00e9cipitamment quitt\u00e9 les lieux sous escorte polici\u00e8re.\u00a0 Son portrait accroch\u00e9 sur sa permanence \u00e9lectorale, \u00e0 Alger, a \u00e9t\u00e9 arros\u00e9 par des jets d\u2019\u0153ufs lanc\u00e9s par des opposants \u00e0 la tenue des \u00e9lections pr\u00e9sidentielles.<\/div>\n<\/div>\n<p>Auteur: R\u00e9flexion<br \/>\n<a href=\"https:\/\/www.reflexiondz.net\/Un-portrait-de-Bengrina-arrose-par-des-jets-d-oeufs-_a58891.html\">Cliquez ici pour lire l&rsquo;article depuis sa source.<\/a><\/p>\n","protected":false},"excerpt":{"rendered":"<p>Le candidat Abdelkader Bengrina a \u00e9t\u00e9 contraint d\u2019\u00e9courter sa sortie de proximit\u00e9 dans la capitale. Parti faire son apparition \u00e9lectorale au niveau de la Grande poste, lieu symbole du mouvement populaire n\u00e9 le 22 f\u00e9vrier, Bengrina s\u2019est content\u00e9 de prononcer quelques mots pendant moins d\u2019une dizaine de minutes devant les cam\u00e9ras et les micros des [&hellip;]<\/p>\n","protected":false},"author":1740,"featured_media":0,"comment_status":"closed","ping_status":"closed","sticky":false,"template":"","format":"standard","meta":{"fifu_image_url":"","fifu_image_alt":"","footnotes":""},"categories":[53,76],"tags":[],"class_list":["post-67847","post","type-post","status-publish","format-standard","hentry","category-algerie","category-regions"],"_links":{"self":[{"href":"https:\/\/linitiative.ca\/International\/wp-json\/wp\/v2\/posts\/67847","targetHints":{"allow":["GET"]}}],"collection":[{"href":"https:\/\/linitiative.ca\/International\/wp-json\/wp\/v2\/posts"}],"about":[{"href":"https:\/\/linitiative.ca\/International\/wp-json\/wp\/v2\/types\/post"}],"author":[{"embeddable":true,"href":"https:\/\/linitiative.ca\/International\/wp-json\/wp\/v2\/users\/1740"}],"replies":[{"embeddable":true,"href":"https:\/\/linitiative.ca\/International\/wp-json\/wp\/v2\/comments?post=67847"}],"version-history":[{"count":0,"href":"https:\/\/linitiative.ca\/International\/wp-json\/wp\/v2\/posts\/67847\/revisions"}],"wp:attachment":[{"href":"https:\/\/linitiative.ca\/International\/wp-json\/wp\/v2\/media?parent=67847"}],"wp:term":[{"taxonomy":"category","embeddable":true,"href":"https:\/\/linitiative.ca\/International\/wp-json\/wp\/v2\/categories?post=67847"},{"taxonomy":"post_tag","embeddable":true,"href":"https:\/\/linitiative.ca\/International\/wp-json\/wp\/v2\/tags?post=67847"}],"curies":[{"name":"wp","href":"https:\/\/api.w.org\/{rel}","templated":true}]}}