{"id":67848,"date":"2019-11-18T13:52:00","date_gmt":"2019-11-18T18:52:00","guid":{"rendered":"https:\/\/linitiative.ca\/International\/drame-des-huit-nourrissons-morts-brules-le-directeur-de-lhopital-et-son-adjoint-condamnes-a-1-an-de-prison\/"},"modified":"2019-11-18T13:52:00","modified_gmt":"2019-11-18T18:52:00","slug":"drame-des-huit-nourrissons-morts-brules-le-directeur-de-lhopital-et-son-adjoint-condamnes-a-1-an-de-prison","status":"publish","type":"post","link":"https:\/\/linitiative.ca\/International\/drame-des-huit-nourrissons-morts-brules-le-directeur-de-lhopital-et-son-adjoint-condamnes-a-1-an-de-prison\/","title":{"rendered":"DRAME DES HUIT NOURRISSONS MORTS BRULES : Le directeur de l\u2019h\u00f4pital et son adjoint condamn\u00e9s \u00e0 1 an de prison"},"content":{"rendered":"<p><br id=\"sep_para_1\" class=\"sep_para access\"\/><\/p>\n<div id=\"para_1\" class=\"para_34044456 resize\">\n<div class=\"texte access firstletter\">La justice a rendu lundi, son verdict dans l\u2019affaire du drame des huit nourrissons morts br\u00fbl\u00e9s dans l\u2019incendie de la clinique M\u00e8re et Enfants d\u2019El Oued. Ainsi, le directeur de l\u2019\u00e9tablissement et son adjoint ont \u00e9cop\u00e9 d\u2019une peine d\u2019un an de prison ferme et d\u2019une amende de 50 millions de centimes pour n\u00e9gligence et ont \u00e9t\u00e9 innocent\u00e9s des chefs d\u2019accusations d\u2019homicides involontaires et de dilapidation d\u2019argent public. La coordinatrice a \u00e9t\u00e9 condamn\u00e9e \u00e0 six mois de prison avec sursis. Quatre autres employ\u00e9s ont \u00e9t\u00e9 innocent\u00e9s dans cette affaire. Il s\u2019agit de la cheffe d\u2019unit\u00e9 des nouveaux n\u00e9s, deux infirmi\u00e8res, dont une cubaine, ainsi que d\u2019un agent d\u2019entretien.<\/div>\n<\/div>\n<p>Auteur: Nadine<br \/>\n<a href=\"https:\/\/www.reflexiondz.net\/DRAME-DES-HUIT-NOURRISSONS-MORTS-BRULES-Le-directeur-de-l-hopital-et-son-adjoint-condamnes-a-1-an-de-prison_a58889.html\">Cliquez ici pour lire l&rsquo;article depuis sa source.<\/a><\/p>\n","protected":false},"excerpt":{"rendered":"<p>La justice a rendu lundi, son verdict dans l\u2019affaire du drame des huit nourrissons morts br\u00fbl\u00e9s dans l\u2019incendie de la clinique M\u00e8re et Enfants d\u2019El Oued. Ainsi, le directeur de l\u2019\u00e9tablissement et son adjoint ont \u00e9cop\u00e9 d\u2019une peine d\u2019un an de prison ferme et d\u2019une amende de 50 millions de centimes pour n\u00e9gligence et ont [&hellip;]<\/p>\n","protected":false},"author":1740,"featured_media":0,"comment_status":"closed","ping_status":"closed","sticky":false,"template":"","format":"standard","meta":{"fifu_image_url":"","fifu_image_alt":"","footnotes":""},"categories":[53,76],"tags":[],"class_list":["post-67848","post","type-post","status-publish","format-standard","hentry","category-algerie","category-regions"],"_links":{"self":[{"href":"https:\/\/linitiative.ca\/International\/wp-json\/wp\/v2\/posts\/67848","targetHints":{"allow":["GET"]}}],"collection":[{"href":"https:\/\/linitiative.ca\/International\/wp-json\/wp\/v2\/posts"}],"about":[{"href":"https:\/\/linitiative.ca\/International\/wp-json\/wp\/v2\/types\/post"}],"author":[{"embeddable":true,"href":"https:\/\/linitiative.ca\/International\/wp-json\/wp\/v2\/users\/1740"}],"replies":[{"embeddable":true,"href":"https:\/\/linitiative.ca\/International\/wp-json\/wp\/v2\/comments?post=67848"}],"version-history":[{"count":0,"href":"https:\/\/linitiative.ca\/International\/wp-json\/wp\/v2\/posts\/67848\/revisions"}],"wp:attachment":[{"href":"https:\/\/linitiative.ca\/International\/wp-json\/wp\/v2\/media?parent=67848"}],"wp:term":[{"taxonomy":"category","embeddable":true,"href":"https:\/\/linitiative.ca\/International\/wp-json\/wp\/v2\/categories?post=67848"},{"taxonomy":"post_tag","embeddable":true,"href":"https:\/\/linitiative.ca\/International\/wp-json\/wp\/v2\/tags?post=67848"}],"curies":[{"name":"wp","href":"https:\/\/api.w.org\/{rel}","templated":true}]}}