{"id":67849,"date":"2019-11-18T13:52:00","date_gmt":"2019-11-18T18:52:00","guid":{"rendered":"https:\/\/linitiative.ca\/International\/4eme-region-militaire-gaid-salah-aujourdhui-en-visite-de-travail-a-ouargla\/"},"modified":"2019-11-18T13:52:00","modified_gmt":"2019-11-18T18:52:00","slug":"4eme-region-militaire-gaid-salah-aujourdhui-en-visite-de-travail-a-ouargla","status":"publish","type":"post","link":"https:\/\/linitiative.ca\/International\/4eme-region-militaire-gaid-salah-aujourdhui-en-visite-de-travail-a-ouargla\/","title":{"rendered":"4EME  REGION MILITAIRE : Gaid Salah, aujourd\u2019hui, en visite de travail \u00e0 Ouargla"},"content":{"rendered":"<p><br id=\"sep_para_1\" class=\"sep_para access\"\/><\/p>\n<div id=\"para_1\" class=\"para_34044450 resize\">\n<div class=\"texte access firstletter\">Le chef d\u2019\u00e9tat-major de l\u2019ANP le g\u00e9n\u00e9ral Ahmed Gaid Salah effectuera aujourd\u2019hui mardi une visite en 4\u00e8me\u00a0 R\u00e9gion militaire \u00e0 Ouargla, a indiqu\u00e9 le MDN dans un communiqu\u00e9, publi\u00e9 hier. \u00ab Le g\u00e9n\u00e9ral de corps d\u2019arm\u00e9e, Ahmed Ga\u00efd Salah, vice-ministre de la D\u00e9fense nationale, chef d\u2019\u00e9tat-major de l\u2019Arm\u00e9e nationale populaire, effectuera, \u00e0 partir d\u2019aujourd\u2019hui mardi 19 novembre, une visite d\u2019inspection et de travail en 4e R\u00e9gion militaire \u00e0 Ouargla. Lors de cette visite, monsieur le g\u00e9n\u00e9ral de corps d\u2019arm\u00e9e proc\u00e8dera \u00e0 l\u2019inspection de certaines unit\u00e9s et tiendra des r\u00e9unions d\u2019orientation avec les cadres et les personnels de la 4e R\u00e9gion militaire \u00bb, pr\u00e9cise le MDN.<\/div>\n<\/div>\n<p>Auteur: Ismain<br \/>\n<a href=\"https:\/\/www.reflexiondz.net\/4EME-REGION-MILITAIRE-Gaid-Salah-aujourd-hui-en-visite-de-travail-a-Ouargla_a58888.html\">Cliquez ici pour lire l&rsquo;article depuis sa source.<\/a><\/p>\n","protected":false},"excerpt":{"rendered":"<p>Le chef d\u2019\u00e9tat-major de l\u2019ANP le g\u00e9n\u00e9ral Ahmed Gaid Salah effectuera aujourd\u2019hui mardi une visite en 4\u00e8me\u00a0 R\u00e9gion militaire \u00e0 Ouargla, a indiqu\u00e9 le MDN dans un communiqu\u00e9, publi\u00e9 hier. \u00ab Le g\u00e9n\u00e9ral de corps d\u2019arm\u00e9e, Ahmed Ga\u00efd Salah, vice-ministre de la D\u00e9fense nationale, chef d\u2019\u00e9tat-major de l\u2019Arm\u00e9e nationale populaire, effectuera, \u00e0 partir d\u2019aujourd\u2019hui mardi [&hellip;]<\/p>\n","protected":false},"author":1740,"featured_media":0,"comment_status":"closed","ping_status":"closed","sticky":false,"template":"","format":"standard","meta":{"fifu_image_url":"","fifu_image_alt":"","footnotes":""},"categories":[53,76],"tags":[],"class_list":["post-67849","post","type-post","status-publish","format-standard","hentry","category-algerie","category-regions"],"_links":{"self":[{"href":"https:\/\/linitiative.ca\/International\/wp-json\/wp\/v2\/posts\/67849","targetHints":{"allow":["GET"]}}],"collection":[{"href":"https:\/\/linitiative.ca\/International\/wp-json\/wp\/v2\/posts"}],"about":[{"href":"https:\/\/linitiative.ca\/International\/wp-json\/wp\/v2\/types\/post"}],"author":[{"embeddable":true,"href":"https:\/\/linitiative.ca\/International\/wp-json\/wp\/v2\/users\/1740"}],"replies":[{"embeddable":true,"href":"https:\/\/linitiative.ca\/International\/wp-json\/wp\/v2\/comments?post=67849"}],"version-history":[{"count":0,"href":"https:\/\/linitiative.ca\/International\/wp-json\/wp\/v2\/posts\/67849\/revisions"}],"wp:attachment":[{"href":"https:\/\/linitiative.ca\/International\/wp-json\/wp\/v2\/media?parent=67849"}],"wp:term":[{"taxonomy":"category","embeddable":true,"href":"https:\/\/linitiative.ca\/International\/wp-json\/wp\/v2\/categories?post=67849"},{"taxonomy":"post_tag","embeddable":true,"href":"https:\/\/linitiative.ca\/International\/wp-json\/wp\/v2\/tags?post=67849"}],"curies":[{"name":"wp","href":"https:\/\/api.w.org\/{rel}","templated":true}]}}