{"id":67856,"date":"2019-11-18T04:11:05","date_gmt":"2019-11-18T09:11:05","guid":{"rendered":"https:\/\/linitiative.ca\/International\/ouverture-du-proces-des-detenus-pour-port-du-drapeau-amazigh-nous-nallons-pas-cautionner-une-parodie-de-justice\/"},"modified":"2019-11-18T04:11:05","modified_gmt":"2019-11-18T09:11:05","slug":"ouverture-du-proces-des-detenus-pour-port-du-drapeau-amazigh-nous-nallons-pas-cautionner-une-parodie-de-justice","status":"publish","type":"post","link":"https:\/\/linitiative.ca\/International\/ouverture-du-proces-des-detenus-pour-port-du-drapeau-amazigh-nous-nallons-pas-cautionner-une-parodie-de-justice\/","title":{"rendered":"Ouverture du proc\u00e8s des d\u00e9tenus pour \u00abport du drapeau amazigh\u00bb : \u00abNous n\u2019allons pas cautionner une\u00a0parodie de justice\u00bb"},"content":{"rendered":"<h4 class=\"title-14\"\/>\n<div class=\"featured_image\"><img loading=\"lazy\" decoding=\"async\" width=\"1000\" height=\"655\" src=\"https:\/\/www.elwatan.com\/wp-content\/uploads\/2019\/11\/avocats-col-b-souhil.gif\" class=\"attachment-post-thumbnail size-post-thumbnail wp-post-image\" alt=\"\"\/><\/div>\n<p class=\"p4\"><span class=\"s1\"><strong>Les membres du collectif de d\u00e9fense des d\u00e9tenus sont partag\u00e9s sur l\u2019option \u00e0 suivre devant le tribunal de Sidi M\u2019hamed : plaider ou carr\u00e9ment boycotter les audiences. La deuxi\u00e8me option semble avoir les faveurs de la majorit\u00e9 des membres du collectif.<\/strong><\/span><\/p>\n<p class=\"p4\">Le proc\u00e8s des d\u00e9tenus porteurs du drapeau amazigh, dont les dossiers ont \u00e9t\u00e9 renvoy\u00e9s par le juge du tribunal de Sidi M\u2019hamed, lundi 11 novembre, s\u2019ouvriront aujourd\u2019hui.<\/p>\n<p class=\"p4\"><em>\u00abIl s\u2019agit des quatre dossiers suivants : le dossier des vendeurs de pin\u2019s (4 d\u00e9tenus : Ghimouz Akram, Abdelkader Toufik Bacha, Khiredine Benzine, Fazil Dechicha) et 6 autres plac\u00e9s sous contr\u00f4le judiciaire ; le dossier de Saradouni Lyes et Ammad Djilali (contr\u00f4le judiciaire)\u00a0; celui des d\u00e9tenus Derouiche Alaa, Agouazi Mohamed, Azoug Arezki, Batlis Bakir et Bareche Hafid\u00a0; le dossier de l\u2019\u00e9tudiante Dahmani Nour El Houda Yasmine (d\u00e9tenue) et de Belaifa Fatiha (contr\u00f4le judiciaire)\u00bb<\/em>, d\u00e9taille le Comit\u00e9 national pour la lib\u00e9ration des d\u00e9tenus (CNLD) dans un post sur sa page Facebook.Au total, ils sont 20 pr\u00e9venus sur les 42\u00a0programm\u00e9s lundi 11 novembre, \u00e0 savoir: 10 d\u00e9tenus et 9 personnes plac\u00e9es sous contr\u00f4le judiciaire ainsi que Maati Salah, toujours \u00e0 l\u2019h\u00f4pital Frantz Fanon de Blida depuis le 20\u00a0octobre, pr\u00e9cise le CNLD.<\/p>\n<p class=\"p4\">Les membres du collectif de d\u00e9fense des d\u00e9tenus sont partag\u00e9s sur l\u2019option \u00e0 suivre devant le tribunal de Sidi M\u2019hamed : plaider ou carr\u00e9ment boycotter les audiences. La deuxi\u00e8me option semble avoir les faveurs de la majorit\u00e9 des membres du collectif. <em>\u00abIl n\u2019y a pas lieu de cautionner une parodie de justice. Les derni\u00e8res condamnations prononc\u00e9es par le tribunal de Sidi M\u2019hamed nous ont convaincus qu\u2019il ne sert \u00e0 rien de plaider devant ce tribunal. Il y a lieu de mettre les juges devant leurs responsabilit\u00e9s\u00bb<\/em>, tranche Fetta Sadat, d\u00e9put\u00e9e et avocate de profession, jointe par <em>El\u00a0Watan.<\/em><\/p>\n<p class=\"p4\"><strong>Mobilisation \u00e0 Tizi Ouzou<\/strong><\/p>\n<p class=\"p4\">Une r\u00e9union du collectif de d\u00e9fense des d\u00e9tenus d\u2019opinion s\u2019est tenue, hier, au b\u00e2tonnat d\u2019Alger. La rencontre devait permettre de coordonner les actions des avocats et de prendre des d\u00e9cisions <em>\u00ab\u00e0 la hauteur des attentes citoyennes, suite aux condamnations surprises de d\u00e9tenus innocents\u00bb<\/em>, a pr\u00e9cis\u00e9 M<sup>e<\/sup> Salah Brahimi. La r\u00e9union \u00abhouleuse\u00bb ouverte en fin d\u2019apr\u00e8s-midi s\u2019est poursuivie une partie de la soir\u00e9e.<\/p>\n<p class=\"p4\">Les avocats venus de plusieurs wilayas du Centre (Alger, Blida, Boumerd\u00e8s, Tizi Ouzou, B\u00e9ja\u00efa, Bouira, etc.), guid\u00e9s par les b\u00e2tonniers des Ordres respectifs, devront adopter une d\u00e9cision commune li\u00e9e \u00e0 la d\u00e9fense des d\u00e9tenus d\u2019opinion devant le tribunal de Sidi M\u2019hamed, qualifi\u00e9 par les avocats de <em>\u00abjuridiction d\u2019exception\u00bb<\/em>.<\/p>\n<p class=\"p4\">Le b\u00e2tonnier de Tizi Ouzou, Salah Brahimi privil\u00e9gie l\u2019option de <em>\u00abproc\u00e8s de rupture\u00bb. \u00abPlaider en sachant \u00e0 l\u2019avance le verdict dict\u00e9 est une atteinte \u00e0 la justice et \u00e0 l\u2019intelligence. Nous refusons de jouer une pi\u00e8ce de th\u00e9\u00e2tre. Il s\u2019agit d\u2019une atteinte grave aux libert\u00e9s que la morale juridique ne peut cautionner\u00bb<\/em>, plaide-t-il (voir <em>El Watan<\/em> du 17 novembre).<\/p>\n<p class=\"p4\">Les arrestations des hirakistes se sont poursuivies ces derni\u00e8res heures. A Tizi Ouzou, un jeune manifestant, Belkasmi Zakaria, a \u00e9t\u00e9 pr\u00e9sent\u00e9 devant le parquet du tribunal de Tizi Ouzou qui l\u2019a d\u00e9f\u00e9r\u00e9 devant le juge d\u2019instruction. Motif : une publication sur Facebook exprimant une opinion sur les \u00e9lections. Apr\u00e8s une forte mobilisation de la population et l\u2019engagement du collectif des avocats pour le changement et la dignit\u00e9, il a \u00e9t\u00e9 remis en libert\u00e9 et mis sous contr\u00f4le judiciaire, a pr\u00e9cis\u00e9 le collectif dans un post sur sa page Facebook.<\/p>\n<p class=\"p4\">Hier, le tribunal de Sidi M\u2019hamed a rendu le verdict du proc\u00e8s de l\u2019ancien fonctionnaire du minist\u00e8re de l\u2019Int\u00e9rieur, Mourad Amiri, l\u2019opposant \u00e0 l\u2019actuel ministre\u00a0: acquitt\u00e9 dans l\u2019accusation d\u2019\u00abatteinte \u00e0 corps constitu\u00e9\u00bb et 6\u00a0mois de prison avec sursis et une amende de 20 000 Da pour \u00abdiffamation\u00bb. Les avocats de la d\u00e9fense feront appel aujourd\u2019hui.<\/p>\n<p><span class=\"post-views-label\">Post Views:<\/span> <span class=\"post-views-count\">1\u00a0638<\/span><\/p>\n<p><br class=\"c2\"\/><\/p>\n<p>Auteur: Anis Khecheba<br \/>\n<a href=\"https:\/\/www.elwatan.com\/edition\/actualite\/nous-nallons-pas-cautionner-une-parodie-de-justice-18-11-2019\">Cliquez ici pour lire l&rsquo;article depuis sa source.<\/a><\/p>\n","protected":false},"excerpt":{"rendered":"<p>Les membres du collectif de d\u00e9fense des d\u00e9tenus sont partag\u00e9s sur l\u2019option \u00e0 suivre devant le tribunal de Sidi M\u2019hamed : plaider ou carr\u00e9ment boycotter les audiences. La deuxi\u00e8me option semble avoir les faveurs de la majorit\u00e9 des membres du collectif. Le proc\u00e8s des d\u00e9tenus porteurs du drapeau amazigh, dont les dossiers ont \u00e9t\u00e9 renvoy\u00e9s [&hellip;]<\/p>\n","protected":false},"author":1743,"featured_media":67857,"comment_status":"closed","ping_status":"closed","sticky":false,"template":"","format":"standard","meta":{"fifu_image_url":"","fifu_image_alt":"","footnotes":""},"categories":[73,53],"tags":[],"class_list":["post-67856","post","type-post","status-publish","format-standard","has-post-thumbnail","hentry","category-actualite","category-algerie"],"_links":{"self":[{"href":"https:\/\/linitiative.ca\/International\/wp-json\/wp\/v2\/posts\/67856","targetHints":{"allow":["GET"]}}],"collection":[{"href":"https:\/\/linitiative.ca\/International\/wp-json\/wp\/v2\/posts"}],"about":[{"href":"https:\/\/linitiative.ca\/International\/wp-json\/wp\/v2\/types\/post"}],"author":[{"embeddable":true,"href":"https:\/\/linitiative.ca\/International\/wp-json\/wp\/v2\/users\/1743"}],"replies":[{"embeddable":true,"href":"https:\/\/linitiative.ca\/International\/wp-json\/wp\/v2\/comments?post=67856"}],"version-history":[{"count":0,"href":"https:\/\/linitiative.ca\/International\/wp-json\/wp\/v2\/posts\/67856\/revisions"}],"wp:featuredmedia":[{"embeddable":true,"href":"https:\/\/linitiative.ca\/International\/wp-json\/"}],"wp:attachment":[{"href":"https:\/\/linitiative.ca\/International\/wp-json\/wp\/v2\/media?parent=67856"}],"wp:term":[{"taxonomy":"category","embeddable":true,"href":"https:\/\/linitiative.ca\/International\/wp-json\/wp\/v2\/categories?post=67856"},{"taxonomy":"post_tag","embeddable":true,"href":"https:\/\/linitiative.ca\/International\/wp-json\/wp\/v2\/tags?post=67856"}],"curies":[{"name":"wp","href":"https:\/\/api.w.org\/{rel}","templated":true}]}}