{"id":67858,"date":"2019-11-18T04:12:07","date_gmt":"2019-11-18T09:12:07","guid":{"rendered":"https:\/\/linitiative.ca\/International\/tribunal-de-sidi-bel-abbes-18-mois-de-prison-requis-contre-abdellaoui-ahmed\/"},"modified":"2019-11-18T04:12:07","modified_gmt":"2019-11-18T09:12:07","slug":"tribunal-de-sidi-bel-abbes-18-mois-de-prison-requis-contre-abdellaoui-ahmed","status":"publish","type":"post","link":"https:\/\/linitiative.ca\/International\/tribunal-de-sidi-bel-abbes-18-mois-de-prison-requis-contre-abdellaoui-ahmed\/","title":{"rendered":"Tribunal de Sidi Bel Abb\u00e8s :\u00a018 mois de prison requis contre Abdellaoui Ahmed"},"content":{"rendered":"<h4 class=\"title-14\"\/>\n<div class=\"featured_image\"><img loading=\"lazy\" decoding=\"async\" width=\"1000\" height=\"568\" src=\"https:\/\/www.elwatan.com\/wp-content\/uploads\/2019\/11\/tribunal-col.gif\" class=\"attachment-post-thumbnail size-post-thumbnail wp-post-image\" alt=\"\"\/><\/div>\n<p class=\"p4\"><strong>Le proc\u00e8s de Abdellaoui Bendida Ahmed (42 ans), poursuivi pour \u00aboutrage \u00e0 corps constitu\u00e9\u00bb et \u00abdiffusion via des r\u00e9seaux sociaux de publications portant pr\u00e9judice \u00e0 l\u2019int\u00e9r\u00eat national\u00bb, s\u2019est tenu hier au tribunal de Sidi Bel Abb\u00e8s.<\/strong><\/p>\n<p class=\"p4\"><span class=\"s1\"><strong>P<\/strong><\/span><span class=\"s1\">r\u00e8s d\u2019une demi-heure apr\u00e8s le d\u00e9but des audiences au tribunal correctionnel de Sidi Bel Abb\u00e8s, Abdellaoui est appel\u00e9 \u00e0 la barre par le juge. <em>\u00abEtes-vous l\u2019auteur des statuts publi\u00e9s sur Facebook et pour lesquels vous-\u00eates inculp\u00e9\u00a0?\u00bb<\/em> lui demande le pr\u00e9sident de l\u2019audience. Sereinement, l\u2019inculp\u00e9 explique avoir partag\u00e9 les statuts de plusieurs pages Facebook au ton critique vis-\u00e0-vis du chef de l\u2019\u00e9tat-major de l\u2019ANP, Ahmed Ga\u00efd Salah.<\/span><\/p>\n<p class=\"p4\"><span class=\"s1\"><em>\u00abJe ne visais nullement l\u2019institution militaire, mais la personne de Ga\u00efd Salah. L\u2019ANP est le pilier de l\u2019Etat et elle appartient \u00e0 tous les Alg\u00e9riens. En partageant des statuts sur ma page, je voulais exprimer<\/em> (mon) <em>opinion par rapport au r\u00f4le politique de Ga\u00efd Salah dans le contexte actuel\u00bb<\/em>, lance Abdellaoui qui r\u00e9cuse l\u2019accusation d\u2019outrage. <em>\u00abJe n\u2019ai fait que partager des opinions exprim\u00e9es par des millions d\u2019Alg\u00e9riens sortis dans la rue le 22 f\u00e9vrier pour d\u00e9noncer le syst\u00e8me politique\u00a0; opinions auxquelles j\u2019adh\u00e8re enti\u00e8rement\u00bb<\/em>, ajoute-t-il, affirmant avoir agi ainsi par conviction et par patriotisme.<\/span><\/p>\n<p class=\"p4\"><span class=\"s1\"><em>\u00abConnaissez-vous personnellement Ga\u00efd Salah\u00a0?\u00bb<\/em> interroge le juge. <em>\u00abPersonnellement, non. Mais, j\u2019ai fait le d\u00e9placement jusqu\u2019\u00e0 Annaba pour m\u2019informer du mieux que j\u2019ai pu aupr\u00e8s des citoyens de cette ville, et ce, \u00e0 l\u2019occasion d\u2019une manifestation du hirak\u00bb<\/em>, r\u00e9plique le pr\u00e9venu.<\/span><\/p>\n<p class=\"p4\"><span class=\"s1\">Le juge lui fait remarquer qu\u2019il s\u2019agit du premier responsable de l\u2019arm\u00e9e. <em>\u00abIl<\/em> (Ga\u00efd Salah) <em>est chef d\u2019\u00e9tat-major mais \u00e9galement vice-ministre de la D\u00e9fense. Un vice-ministre est un homme politique\u00bb<\/em>, r\u00e9pond-il. Et de poursuivre\u00a0: <em>\u00abEn ma qualit\u00e9 de citoyen alg\u00e9rien, comme tous mes compatriotes, je me suis exprim\u00e9 par rapport \u00e0 son r\u00f4le politique<\/em> (\u2026). <em>Entre autres, pourquoi Ga\u00efd Salah ne s\u2019est pas oppos\u00e9 \u00e0 la \u00eessaba<\/em> (bande) <em>avant le 22 f\u00e9vrier\u00a0?\u00bb<\/em><\/span><\/p>\n<p class=\"p4\"><span class=\"s1\">En d\u00e9tention depuis 29 jours, Abdellaoui a, avec le m\u00eame ton et la m\u00eame conviction, d\u00e9fendu son droit d\u2019exprimer une opinion <em>\u00abau m\u00eame titre que tous les Alg\u00e9riens\u00bb.<\/em> Face \u00e0 lui, le pr\u00e9sident d\u2019audience a rappel\u00e9 que le proc\u00e8s ne prendra en consid\u00e9ration que les faits contenus dans le dossier. Un dossier d\u2019accusation comprenant des copies captures d\u2019\u00e9cran effectu\u00e9es, \u00e0 la mi-octobre, par la police judiciaire de la s\u00fbret\u00e9 de la wilaya de Sidi Bel Abb\u00e8s.<\/span><\/p>\n<p class=\"p4\"><span class=\"s1\">Un collectif de trois avocats, dont le b\u00e2tonnier du barreau de Sidi Bel Abb\u00e8s, M<sup>e<\/sup> Othmani, se succ\u00e8dent pour d\u00e9monter les inculpations port\u00e9es contre le pr\u00e9venu. <em>\u00abPourquoi a-t-on mis Abdellaoui en prison\u00a0? Pourquoi lui et pas un autre, alors que les statuts et leurs contenus sont largement partag\u00e9s sur les r\u00e9seaux sociaux\u00a0?\u00bb<\/em> s\u2019interroge M<sup>e<\/sup> Kerma. <em>\u00abVous avez devant vous, aujourd\u2019hui, un ing\u00e9nieur en informatique embastill\u00e9 pour avoir partag\u00e9 un statut sur Facebook.<\/em><\/span><\/p>\n<p class=\"p4\"><span class=\"s1\"><em>Il est inadmissible de jeter en prison un cadre alg\u00e9rien pour avoir exprim\u00e9 une opinion. Dans ce cas l\u00e0, on devrait mettre derri\u00e8re les barreaux tous ceux qui manifestent chaque vendredi\u00a0!\u00bb<\/em> a-t-il poursuivi. Pour M<sup>e<\/sup>\u00a0Othmani, le pr\u00e9venu n\u2019a fait qu\u2019exprimer librement son point de vue par rapport \u00e0 une actualit\u00e9 politique en pleine effervescence. <em>\u00abLa libert\u00e9 d\u2019expression est un droit naturel.<\/em><\/span><\/p>\n<p class=\"p4\"><span class=\"s1\"><em>S\u2019y opposer est un acte contre-nature\u00bb<\/em>,\u00a0a-t-il martel\u00e9, faisant remarquer que le pr\u00e9venu s\u2019est r\u00e9volt\u00e9, depuis le 22 f\u00e9vrier, contre l\u2019injustice et les disparit\u00e9s sociales. <em>\u00abP\u00e8re de trois enfants, Abdellaoui est un citoyen du peuple. Il habite un modeste logement d\u2019une seule pi\u00e8ce (F1) dans un quartier populaire de la ville.<\/em><\/span><\/p>\n<p class=\"p4\"><span class=\"s1\"><em>Sa place n\u2019est pas derri\u00e8re les barreaux mais aupr\u00e8s de ses enfants qui souffrent de voir leur p\u00e8re en prison \u00e0 cause de ses opinions\u00bb<\/em>, s\u2019exclame M<sup>e<\/sup> Othmani, en plaidant l\u2019innocence du pr\u00e9venu. Apr\u00e8s les plaidoiries de la d\u00e9fense, le procureur a requis une peine de 18\u00a0mois de prison ferme assortie d\u2019une amende de 50 000 DA.<\/span><\/p>\n<p class=\"p7\"><span class=\"s1\">A l\u2019ext\u00e9rieur du tribunal, des activistes du hirak ont tenu un rassemblement en soutien \u00e0 Abdellaoui et exig\u00e9 la lib\u00e9ration des d\u00e9tenus d\u2019opinion. Le tribunal rendra son verdict dimanche prochain.\u00a0<\/span><\/p>\n<p><span class=\"post-views-label\">Post Views:<\/span> <span class=\"post-views-count\">5\u00a0632<\/span><\/p>\n<p><br class=\"c2\"\/><\/p>\n<p>Auteur: Anis Khecheba<br \/>\n<a href=\"https:\/\/www.elwatan.com\/edition\/actualite\/tribunal-de-sidi-bel-abbes-18-mois-de-prison-requis-contre-abdellaoui-ahmed-18-11-2019\">Cliquez ici pour lire l&rsquo;article depuis sa source.<\/a><\/p>\n","protected":false},"excerpt":{"rendered":"<p>Le proc\u00e8s de Abdellaoui Bendida Ahmed (42 ans), poursuivi pour \u00aboutrage \u00e0 corps constitu\u00e9\u00bb et \u00abdiffusion via des r\u00e9seaux sociaux de publications portant pr\u00e9judice \u00e0 l\u2019int\u00e9r\u00eat national\u00bb, s\u2019est tenu hier au tribunal de Sidi Bel Abb\u00e8s. Pr\u00e8s d\u2019une demi-heure apr\u00e8s le d\u00e9but des audiences au tribunal correctionnel de Sidi Bel Abb\u00e8s, Abdellaoui est appel\u00e9 \u00e0 [&hellip;]<\/p>\n","protected":false},"author":1743,"featured_media":67859,"comment_status":"closed","ping_status":"closed","sticky":false,"template":"","format":"standard","meta":{"fifu_image_url":"","fifu_image_alt":"","footnotes":""},"categories":[73,53],"tags":[],"class_list":["post-67858","post","type-post","status-publish","format-standard","has-post-thumbnail","hentry","category-actualite","category-algerie"],"_links":{"self":[{"href":"https:\/\/linitiative.ca\/International\/wp-json\/wp\/v2\/posts\/67858","targetHints":{"allow":["GET"]}}],"collection":[{"href":"https:\/\/linitiative.ca\/International\/wp-json\/wp\/v2\/posts"}],"about":[{"href":"https:\/\/linitiative.ca\/International\/wp-json\/wp\/v2\/types\/post"}],"author":[{"embeddable":true,"href":"https:\/\/linitiative.ca\/International\/wp-json\/wp\/v2\/users\/1743"}],"replies":[{"embeddable":true,"href":"https:\/\/linitiative.ca\/International\/wp-json\/wp\/v2\/comments?post=67858"}],"version-history":[{"count":0,"href":"https:\/\/linitiative.ca\/International\/wp-json\/wp\/v2\/posts\/67858\/revisions"}],"wp:featuredmedia":[{"embeddable":true,"href":"https:\/\/linitiative.ca\/International\/wp-json\/"}],"wp:attachment":[{"href":"https:\/\/linitiative.ca\/International\/wp-json\/wp\/v2\/media?parent=67858"}],"wp:term":[{"taxonomy":"category","embeddable":true,"href":"https:\/\/linitiative.ca\/International\/wp-json\/wp\/v2\/categories?post=67858"},{"taxonomy":"post_tag","embeddable":true,"href":"https:\/\/linitiative.ca\/International\/wp-json\/wp\/v2\/tags?post=67858"}],"curies":[{"name":"wp","href":"https:\/\/api.w.org\/{rel}","templated":true}]}}