{"id":67860,"date":"2019-11-18T04:12:14","date_gmt":"2019-11-18T09:12:14","guid":{"rendered":"https:\/\/linitiative.ca\/International\/premier-jour-de-campagne-electorale-un-rude-exercice-pour-les-candidats-a-un-scrutin-a-risque\/"},"modified":"2019-11-18T04:12:14","modified_gmt":"2019-11-18T09:12:14","slug":"premier-jour-de-campagne-electorale-un-rude-exercice-pour-les-candidats-a-un-scrutin-a-risque","status":"publish","type":"post","link":"https:\/\/linitiative.ca\/International\/premier-jour-de-campagne-electorale-un-rude-exercice-pour-les-candidats-a-un-scrutin-a-risque\/","title":{"rendered":"Premier jour de campagne \u00e9lectorale :\u00a0Un rude exercice pour les candidats \u00e0 un scrutin \u00e0 risque"},"content":{"rendered":"<h4 class=\"title-14\"\/>\n<div class=\"featured_image\"><img loading=\"lazy\" decoding=\"async\" width=\"600\" height=\"290\" src=\"https:\/\/www.elwatan.com\/wp-content\/uploads\/2019\/11\/tlemcen.gif\" class=\"attachment-post-thumbnail size-post-thumbnail wp-post-image\" alt=\"\"\/><\/div>\n<p class=\"p4\"><span class=\"s1\"><strong>L<\/strong><\/span><span class=\"s1\">e lancement de la campagne \u00e9lectorale a \u00e9t\u00e9 un dur exercice pour les candidats au scrutin pr\u00e9sidentiel du 12 d\u00e9cembre prochain. Les images d\u2019Ali Benflis hu\u00e9 \u00e0 Tlemcen, de Abdelkader Bengrina \u00e9vacu\u00e9 de la Grande-Poste \u00e0 Alger, de Abdelmadjid Tebboune annon\u00e7ant par la voix d\u2019un de ses proches l\u2019annulation de son meeting pr\u00e9vu \u00e0 Sidi Fredj, et d\u2019un dispositif s\u00e9curitaire imposant \u00e0 Adrar pour l\u2019accueil de Abdelaziz Bela\u00efd et Azzedine Mihoubi l\u00e8vent le voile sur les difficult\u00e9s auxquelles seront confront\u00e9s les candidats durant cette campagne de tous les risques.<\/span><\/p>\n<p class=\"p4\"><span class=\"s1\">Hier, en allant \u00e0 la Grande-Poste, symbole du hirak, Abdelkader Bengrina ne se doutait certainement pas d\u2019une possible affluence des citoyens de la capitale vers cet endroit. Pourtant, d\u00e8s son arriv\u00e9e, il s\u2019est heurt\u00e9 \u00e0 des groupes de manifestants qui grossissaient jusqu\u2019\u00e0 constituer une masse compacte de quelques centaines de personnes scandant des slogans hostiles aux \u00e9lections et au pouvoir. Aussi bien les nombreux policiers que les militants du parti Adala que dirige Bengrina ont \u00e9t\u00e9 pris de court, obligeant le candidat \u00e0 prononcer un court discours, bien entour\u00e9 par des gardes.<\/span><\/p>\n<p class=\"p4\"><span class=\"s1\">Quelques minutes apr\u00e8s, il \u00e9tait \u00e9vacu\u00e9 vers son nouveau si\u00e8ge de sa campagne \u00e9lectorale, situ\u00e9 quelques dizaines de m\u00e8tres plus loin. L\u00e0 aussi, de nombreuses personnes l\u2019attendaient avec des slogans hostiles, au point de susciter l\u2019intervention des policiers. La premi\u00e8re sortie de \u00abproximit\u00e9\u00bb de Bengrina s\u2019est av\u00e9r\u00e9e tr\u00e8s p\u00e9nible, au point qu\u2019il a d\u00fb annuler sa rencontrer des journalistes pr\u00e9vue \u00e0 la maison de la presse Tahar Djaout.<\/span><\/p>\n<p class=\"p4\"><span class=\"s1\">A Tlemcen, c\u2019est le candidat du parti Talaie El Houriyet, Ali Benflis, qui a eu des sueurs froides hier, lors de sa premi\u00e8re sortie \u00e0 Tlemcen. Alors qu\u2019il voulait aller vers les citoyens, ce sont ces derniers, par dizaines, qui sont venus \u00e0 sa rencontre pour le huer et lui<span class=\"Apple-converted-space\">\u00a0<\/span> exprimer leur m\u00e9contentement et leur opposition au scrutin.<\/span><\/p>\n<p class=\"p4\"><span class=\"s1\">Abdelmadjid Tebboune, contre toute attente a annul\u00e9 son meeting pr\u00e9vue \u00e0 Sidi Fredj, pour des raisons de <em>\u00abrendez-vous impr\u00e9vus\u00bb,<\/em> comme l\u2019a signal\u00e9 son porte-parole. Sur place, d\u2019autres raisons \u00e9taient invoqu\u00e9es\u00a0: <em>\u00abLes bus qui devaient ramener les militants ne sont pas arriv\u00e9s. D\u2019o\u00f9 l\u2019annulation du meeting\u00a0!\u00bb<\/em><\/span><\/p>\n<p class=\"p4\"><span class=\"s1\">Adrar \u2013 la ville choisie par Azzedine Mihoubi et Abdelaziz Bela\u00efd pour entamer leur campagne \u00e9lectorale \u2013 a \u00e9t\u00e9 assi\u00e9g\u00e9e par un important dispositif policier qui n\u2019a toutefois pas emp\u00each\u00e9 quelques dizaines de citoyens de sortir dans la rue pour exprimer leur refus des \u00e9lections.<\/span><\/p>\n<p class=\"p4\"><span class=\"s1\">L\u2019ambiance dans laquelle s\u2019est d\u00e9roul\u00e9e cette premi\u00e8re journ\u00e9e de la campagne \u00e9lectorale d\u00e9montre avec force le rude exercice auquel seront soumis les candidats \u00e0 ce scrutin \u00e0 risque.<\/span><\/p>\n<p><span class=\"post-views-label\">Post Views:<\/span> <span class=\"post-views-count\">477<\/span><\/p>\n<p><br class=\"c2\"\/><\/p>\n<p>Auteur: Anis Khecheba<br \/>\n<a href=\"https:\/\/www.elwatan.com\/edition\/actualite\/premier-jour-de-campagne-electorale-un-rude-exercice-pour-les-candidats-a-un-scrutin-a-risque-18-11-2019\">Cliquez ici pour lire l&rsquo;article depuis sa source.<\/a><\/p>\n","protected":false},"excerpt":{"rendered":"<p>Le lancement de la campagne \u00e9lectorale a \u00e9t\u00e9 un dur exercice pour les candidats au scrutin pr\u00e9sidentiel du 12 d\u00e9cembre prochain. Les images d\u2019Ali Benflis hu\u00e9 \u00e0 Tlemcen, de Abdelkader Bengrina \u00e9vacu\u00e9 de la Grande-Poste \u00e0 Alger, de Abdelmadjid Tebboune annon\u00e7ant par la voix d\u2019un de ses proches l\u2019annulation de son meeting pr\u00e9vu \u00e0 Sidi [&hellip;]<\/p>\n","protected":false},"author":1743,"featured_media":67861,"comment_status":"closed","ping_status":"closed","sticky":false,"template":"","format":"standard","meta":{"fifu_image_url":"","fifu_image_alt":"","footnotes":""},"categories":[73,53],"tags":[],"class_list":["post-67860","post","type-post","status-publish","format-standard","has-post-thumbnail","hentry","category-actualite","category-algerie"],"_links":{"self":[{"href":"https:\/\/linitiative.ca\/International\/wp-json\/wp\/v2\/posts\/67860","targetHints":{"allow":["GET"]}}],"collection":[{"href":"https:\/\/linitiative.ca\/International\/wp-json\/wp\/v2\/posts"}],"about":[{"href":"https:\/\/linitiative.ca\/International\/wp-json\/wp\/v2\/types\/post"}],"author":[{"embeddable":true,"href":"https:\/\/linitiative.ca\/International\/wp-json\/wp\/v2\/users\/1743"}],"replies":[{"embeddable":true,"href":"https:\/\/linitiative.ca\/International\/wp-json\/wp\/v2\/comments?post=67860"}],"version-history":[{"count":0,"href":"https:\/\/linitiative.ca\/International\/wp-json\/wp\/v2\/posts\/67860\/revisions"}],"wp:featuredmedia":[{"embeddable":true,"href":"https:\/\/linitiative.ca\/International\/wp-json\/"}],"wp:attachment":[{"href":"https:\/\/linitiative.ca\/International\/wp-json\/wp\/v2\/media?parent=67860"}],"wp:term":[{"taxonomy":"category","embeddable":true,"href":"https:\/\/linitiative.ca\/International\/wp-json\/wp\/v2\/categories?post=67860"},{"taxonomy":"post_tag","embeddable":true,"href":"https:\/\/linitiative.ca\/International\/wp-json\/wp\/v2\/tags?post=67860"}],"curies":[{"name":"wp","href":"https:\/\/api.w.org\/{rel}","templated":true}]}}