{"id":67864,"date":"2019-11-18T06:12:40","date_gmt":"2019-11-18T11:12:40","guid":{"rendered":"https:\/\/linitiative.ca\/International\/haizer-bouira-des-manifestants-murent-lentree-de-lapc\/"},"modified":"2019-11-18T06:12:40","modified_gmt":"2019-11-18T11:12:40","slug":"haizer-bouira-des-manifestants-murent-lentree-de-lapc","status":"publish","type":"post","link":"https:\/\/linitiative.ca\/International\/haizer-bouira-des-manifestants-murent-lentree-de-lapc\/","title":{"rendered":"Haizer (Bouira) : Des manifestants murent l\u2019entr\u00e9e de l\u2019APC"},"content":{"rendered":"<h4 class=\"title-14\"\/>\n<div class=\"featured_image\"><img loading=\"lazy\" decoding=\"async\" width=\"1200\" height=\"900\" src=\"https:\/\/www.elwatan.com\/wp-content\/uploads\/2019\/11\/IMG_0546-e1574074536230.jpeg\" class=\"attachment-post-thumbnail size-post-thumbnail wp-post-image\" alt=\"\"\/><\/div>\n<p>Le\u00a0mouvement\u00a0de\u00a0contestation\u00a0des\u00a0\u00e9lections\u00a0pr\u00e9sidentielles\u00a0que conna\u00eet\u00a0plusieurs\u00a0wilayas\u00a0du\u00a0pays,\u00a0passe\u00a0\u00e0\u00a0la\u00a0vitesse\u00a0sup\u00e9rieure.\u00a0A\u00a0la wilaya\u00a0de\u00a0Bouira,\u00a0ce\u00a0sont\u00a0des\u00a0centaines\u00a0de\u00a0personnes\u00a0qui\u00a0ont\u00a0bloqu\u00e9,\u00a0et ce,\u00a0pour\u00a0le\u00a0deuxi\u00e8me\u00a0jour\u00a0cons\u00e9cutif,\u00a0les\u00a0deux\u00a0si\u00e8ges\u00a0de\u00a0l\u2019APC\u00a0et de\u00a0la\u00a0daira\u00a0de\u00a0Haizer,\u00a0a-t-on\u00a0constat\u00e9\u00a0sur\u00a0place.<\/p>\n<p>La\u00a0situation\u00a0a\u00a0failli d\u00e9g\u00e9n\u00e9r\u00e9.\u00a0Plusieurs\u00a0fourgons\u00a0de\u00a0police\u00a0anti\u00e9meute\u00a0ont\u00a0\u00e9t\u00e9 mobilis\u00e9s \u00e0 proximit\u00e9 des \u00e9difices.\u00a0Le\u00a0renfort\u00a0de\u00a0service\u00a0de s\u00e9curit\u00e9\u00a0a\u00a0\u00e9t\u00e9\u00a0d\u00e9ploy\u00e9\u00a0pour\u00a0emp\u00eacher\u00a0les\u00a0manifestants\u00a0de\u00a0murer l\u2019entr\u00e9e\u00a0de\u00a0l\u2019APC.<\/p>\n<p>Le\u00a0dispositif\u00a0n\u2019a\u00a0pas\u00a0\u00e9t\u00e9\u00a0maintenu\u00a0pour longtemps et les policiers ont quitt\u00e9 les lieux.\u00a0La\u00a0foule\u00a0a\u00a0scand\u00e9\u00a0des slogans\u00a0hostiles\u00a0au\u00a0pouvoir\u00a0en\u00a0r\u00e9affirmant\u00a0le\u00a0rejet\u00a0de\u00a0la\u00a0population\u00a0des \u00e9lections\u00a0pr\u00e9sidentielle\u00a0pr\u00e9vues\u00a0pour\u00a0le\u00a012\u00a0d\u00e9cembre\u00a0prochain.<\/p>\n<p>Les\u00a0protestataires\u00a0ont\u00a0col\u00e8re\u00a0ont\u00a0mur\u00e9\u00a0avec\u00a0du\u00a0ciment\u00a0et\u00a0des\u00a0briques l\u2019entr\u00e9e\u00a0principale\u00a0de\u00a0la\u00a0mairie.\u00a0A\u00a0pr\u00e9ciser\u00a0par\u00a0ailleurs,\u00a0que\u00a0le si\u00e8ge\u00a0de\u00a0la\u00a0daira\u00a0demeure\u00a0toujours\u00a0ferm\u00e9.<\/p>\n<p><iframe loading=\"lazy\" class=\"c4\" src=\"https:\/\/www.facebook.com\/plugins\/video.php?href=https%3A%2F%2Fwww.facebook.com%2Famar.fedjkhi%2Fvideos%2F10218650301801517%2F&#038;show_text=0&#038;width=560\" width=\"560\" height=\"315\" frameborder=\"0\" scrolling=\"no\" allowfullscreen=\"allowfullscreen\">[embedded content]<\/iframe><\/p>\n<p><span class=\"post-views-label\">Post Views:<\/span> <span class=\"post-views-count\">1\u00a0815<\/span><\/p>\n<p><br class=\"c2\"\/><\/p>\n<p>Auteur: Mohand Yahiaoui<br \/>\n<a href=\"https:\/\/www.elwatan.com\/edition\/actualite\/haizer-bouira-des-manifestants-murent-lentree-de-lapc-18-11-2019\">Cliquez ici pour lire l&rsquo;article depuis sa source.<\/a><\/p>\n","protected":false},"excerpt":{"rendered":"<p>Le\u00a0mouvement\u00a0de\u00a0contestation\u00a0des\u00a0\u00e9lections\u00a0pr\u00e9sidentielles\u00a0que conna\u00eet\u00a0plusieurs\u00a0wilayas\u00a0du\u00a0pays,\u00a0passe\u00a0\u00e0\u00a0la\u00a0vitesse\u00a0sup\u00e9rieure.\u00a0A\u00a0la wilaya\u00a0de\u00a0Bouira,\u00a0ce\u00a0sont\u00a0des\u00a0centaines\u00a0de\u00a0personnes\u00a0qui\u00a0ont\u00a0bloqu\u00e9,\u00a0et ce,\u00a0pour\u00a0le\u00a0deuxi\u00e8me\u00a0jour\u00a0cons\u00e9cutif,\u00a0les\u00a0deux\u00a0si\u00e8ges\u00a0de\u00a0l\u2019APC\u00a0et de\u00a0la\u00a0daira\u00a0de\u00a0Haizer,\u00a0a-t-on\u00a0constat\u00e9\u00a0sur\u00a0place. La\u00a0situation\u00a0a\u00a0failli d\u00e9g\u00e9n\u00e9r\u00e9.\u00a0Plusieurs\u00a0fourgons\u00a0de\u00a0police\u00a0anti\u00e9meute\u00a0ont\u00a0\u00e9t\u00e9 mobilis\u00e9s \u00e0 proximit\u00e9 des \u00e9difices.\u00a0Le\u00a0renfort\u00a0de\u00a0service\u00a0de s\u00e9curit\u00e9\u00a0a\u00a0\u00e9t\u00e9\u00a0d\u00e9ploy\u00e9\u00a0pour\u00a0emp\u00eacher\u00a0les\u00a0manifestants\u00a0de\u00a0murer l\u2019entr\u00e9e\u00a0de\u00a0l\u2019APC. Le\u00a0dispositif\u00a0n\u2019a\u00a0pas\u00a0\u00e9t\u00e9\u00a0maintenu\u00a0pour longtemps et les policiers ont quitt\u00e9 les lieux.\u00a0La\u00a0foule\u00a0a\u00a0scand\u00e9\u00a0des slogans\u00a0hostiles\u00a0au\u00a0pouvoir\u00a0en\u00a0r\u00e9affirmant\u00a0le\u00a0rejet\u00a0de\u00a0la\u00a0population\u00a0des \u00e9lections\u00a0pr\u00e9sidentielle\u00a0pr\u00e9vues\u00a0pour\u00a0le\u00a012\u00a0d\u00e9cembre\u00a0prochain. Les\u00a0protestataires\u00a0ont\u00a0col\u00e8re\u00a0ont\u00a0mur\u00e9\u00a0avec\u00a0du\u00a0ciment\u00a0et\u00a0des\u00a0briques l\u2019entr\u00e9e\u00a0principale\u00a0de\u00a0la\u00a0mairie.\u00a0A\u00a0pr\u00e9ciser\u00a0par\u00a0ailleurs,\u00a0que\u00a0le si\u00e8ge\u00a0de\u00a0la\u00a0daira\u00a0demeure\u00a0toujours\u00a0ferm\u00e9. [embedded content] Post Views: 1\u00a0815 Auteur: Mohand Yahiaoui Cliquez ici pour lire l&rsquo;article depuis sa source.<\/p>\n","protected":false},"author":1743,"featured_media":67865,"comment_status":"closed","ping_status":"closed","sticky":false,"template":"","format":"standard","meta":{"fifu_image_url":"","fifu_image_alt":"","footnotes":""},"categories":[73,53],"tags":[],"class_list":["post-67864","post","type-post","status-publish","format-standard","has-post-thumbnail","hentry","category-actualite","category-algerie"],"_links":{"self":[{"href":"https:\/\/linitiative.ca\/International\/wp-json\/wp\/v2\/posts\/67864","targetHints":{"allow":["GET"]}}],"collection":[{"href":"https:\/\/linitiative.ca\/International\/wp-json\/wp\/v2\/posts"}],"about":[{"href":"https:\/\/linitiative.ca\/International\/wp-json\/wp\/v2\/types\/post"}],"author":[{"embeddable":true,"href":"https:\/\/linitiative.ca\/International\/wp-json\/wp\/v2\/users\/1743"}],"replies":[{"embeddable":true,"href":"https:\/\/linitiative.ca\/International\/wp-json\/wp\/v2\/comments?post=67864"}],"version-history":[{"count":0,"href":"https:\/\/linitiative.ca\/International\/wp-json\/wp\/v2\/posts\/67864\/revisions"}],"wp:featuredmedia":[{"embeddable":true,"href":"https:\/\/linitiative.ca\/International\/wp-json\/"}],"wp:attachment":[{"href":"https:\/\/linitiative.ca\/International\/wp-json\/wp\/v2\/media?parent=67864"}],"wp:term":[{"taxonomy":"category","embeddable":true,"href":"https:\/\/linitiative.ca\/International\/wp-json\/wp\/v2\/categories?post=67864"},{"taxonomy":"post_tag","embeddable":true,"href":"https:\/\/linitiative.ca\/International\/wp-json\/wp\/v2\/tags?post=67864"}],"curies":[{"name":"wp","href":"https:\/\/api.w.org\/{rel}","templated":true}]}}