{"id":67866,"date":"2019-11-18T10:00:00","date_gmt":"2019-11-18T15:00:00","guid":{"rendered":"https:\/\/linitiative.ca\/International\/23eme-conference-annuelle-du-cnem-enjeux-ethiques-de-lacces-aux-soins-de-sante\/"},"modified":"2019-11-18T10:00:00","modified_gmt":"2019-11-18T15:00:00","slug":"23eme-conference-annuelle-du-cnem-enjeux-ethiques-de-lacces-aux-soins-de-sante","status":"publish","type":"post","link":"https:\/\/linitiative.ca\/International\/23eme-conference-annuelle-du-cnem-enjeux-ethiques-de-lacces-aux-soins-de-sante\/","title":{"rendered":"23\u00e8me Conf\u00e9rence annuelle du CNEM : Enjeux \u00e9thiques de l\u2019acc\u00e8s aux soins de sant\u00e9"},"content":{"rendered":"<p>La ministre de la Sant\u00e9, Dr Sonia Ben Cheikh pr\u00e9sidera le 29 Novembre 2019 sa 23<sup>\u00e8me<\/sup> l&rsquo;ouverture de la Conf\u00e9rence annuelle\u00a0 du Comit\u00e9 National d\u2019Ethique M\u00e9dicale(CNEM) dont le th\u00e8me sera \u00abAcc\u00e8s aux soins de sant\u00e9: enjeux \u00e9thiques\u00bb \u00e0 l\u2019Acad\u00e9mie Tunisienne des sciences, des lettres et des arts Be\u00eft Al-Hikma. A noter que le CNEM est pr\u00e9sid\u00e9 par Mme Hend Bouacha.<\/p>\n<p>Le programme de la Conf\u00e9rence se pr\u00e9sente comme suit:<\/p>\n<p>9.00 &#8211; 9H.30:<\/p>\n<ul>\n<li>Allocutions d\u2019ouverture: <strong>Hend Bouacha,<\/strong> <em>Pr\u00e9sidente du CNEM<\/em><\/li>\n<li>Allocution d\u2019ouverturede <strong>Madame le Docteur Sonia Ben Cheikh,<\/strong> <em>Ministre de la Sant\u00e9<\/em><\/li>\n<\/ul>\n<h3>1<sup>\u00e8re<\/sup> s\u00e9ance (9.30 &#8211; 11.00)<\/h3>\n<ul>\n<li><span class=\"c2\"><strong>Acc\u00e8s aux soins en Tunisie: \u00e9tat des lieux et perspectives<\/strong><\/span><br \/><strong>Moncef Ben Hadj Yahia.<\/strong> <em>M\u00e9decin, Pr\u00e9sident de l\u2019Association Tunisienne de D\u00e9fense du droit \u00e0 la Sant\u00e9<\/em><\/li>\n<li><span class=\"c2\"><strong>Couverture universelle : enjeux \u00e9thiques<\/strong><\/span><br \/><strong>Chokri Arfa.<\/strong> <em>Ma\u00eetre de conf\u00e9rences en m\u00e9thodes quantitatives \u00e0 l&rsquo;Institut National du Travail et des Etudes Sociales de Tunis<\/em><\/li>\n<li><span class=\"c2\"><strong>Ethique et dialogue soci\u00e9tal sur la sant\u00e9<\/strong><\/span><br \/><strong>Agn\u00e8s Hamzaoui.<\/strong> <em>Professeur de Pneumologie. Membre du comit\u00e9 technique du Dialogue Soci\u00e9tal sur la Sant\u00e9<\/em><\/li>\n<\/ul>\n<p><span class=\"c2\"><strong>Mod\u00e9rateurs:<\/strong><\/span> Fa\u00efza Kefi, Mohamed Jouini<\/p>\n<h2>Discussions<\/h2>\n<h3>2<sup>\u00e8me<\/sup> s\u00e9ance (11.30-13.00)<\/h3>\n<ul>\n<li><span class=\"c2\"><strong>D\u00e9penses de sant\u00e9 et enjeux \u00e9thiques<\/strong><\/span><br \/><strong>Mohamed Hsairi.<\/strong> <em>Professeur de M\u00e9decine Pr\u00e9ventive<\/em><\/li>\n<li><span class=\"c2\"><strong>Changement socio &#8211; d\u00e9mographique et besoins en sant\u00e9<\/strong><\/span><br \/><strong>Mohamed Ali Ben Zina.<\/strong> <em>Professeur de Sociologie<\/em><\/li>\n<\/ul>\n<h2>Discussions<\/h2>\n<ul>\n<li><span class=\"c2\"><strong>Synth\u00e8se et conclusion<\/strong><\/span><br \/><strong>Habiba Ben Romdhane.<\/strong> <em>Professeur \u00e9m\u00e9rite\u00a0 \u00e0 la Facult\u00e9 de M\u00e9decine de Tunis<\/em><\/li>\n<\/ul>\n<p><strong>Mod\u00e9rateurs:<\/strong> Habib Touhami, Samy Kammoun.<\/p>\n<p>Auteur:<br \/>\n<a href=\"https:\/\/www.leaders.com.tn\/article\/28447-23-eme-conference-annuelle-du-cnem-enjeux-ethiques-de-l-acces-aux-soins-de-sante\">Cliquez ici pour lire l&rsquo;article depuis sa source.<\/a><\/p>\n","protected":false},"excerpt":{"rendered":"<p>La ministre de la Sant\u00e9, Dr Sonia Ben Cheikh pr\u00e9sidera le 29 Novembre 2019 sa 23\u00e8me l&rsquo;ouverture de la Conf\u00e9rence annuelle\u00a0 du Comit\u00e9 National d\u2019Ethique M\u00e9dicale(CNEM) dont le th\u00e8me sera \u00abAcc\u00e8s aux soins de sant\u00e9: enjeux \u00e9thiques\u00bb \u00e0 l\u2019Acad\u00e9mie Tunisienne des sciences, des lettres et des arts Be\u00eft Al-Hikma. A noter que le CNEM est [&hellip;]<\/p>\n","protected":false},"author":1772,"featured_media":0,"comment_status":"closed","ping_status":"closed","sticky":false,"template":"","format":"standard","meta":{"fifu_image_url":"","fifu_image_alt":"","footnotes":""},"categories":[73,55],"tags":[],"class_list":["post-67866","post","type-post","status-publish","format-standard","hentry","category-actualite","category-tunisie"],"_links":{"self":[{"href":"https:\/\/linitiative.ca\/International\/wp-json\/wp\/v2\/posts\/67866","targetHints":{"allow":["GET"]}}],"collection":[{"href":"https:\/\/linitiative.ca\/International\/wp-json\/wp\/v2\/posts"}],"about":[{"href":"https:\/\/linitiative.ca\/International\/wp-json\/wp\/v2\/types\/post"}],"author":[{"embeddable":true,"href":"https:\/\/linitiative.ca\/International\/wp-json\/wp\/v2\/users\/1772"}],"replies":[{"embeddable":true,"href":"https:\/\/linitiative.ca\/International\/wp-json\/wp\/v2\/comments?post=67866"}],"version-history":[{"count":0,"href":"https:\/\/linitiative.ca\/International\/wp-json\/wp\/v2\/posts\/67866\/revisions"}],"wp:attachment":[{"href":"https:\/\/linitiative.ca\/International\/wp-json\/wp\/v2\/media?parent=67866"}],"wp:term":[{"taxonomy":"category","embeddable":true,"href":"https:\/\/linitiative.ca\/International\/wp-json\/wp\/v2\/categories?post=67866"},{"taxonomy":"post_tag","embeddable":true,"href":"https:\/\/linitiative.ca\/International\/wp-json\/wp\/v2\/tags?post=67866"}],"curies":[{"name":"wp","href":"https:\/\/api.w.org\/{rel}","templated":true}]}}