{"id":67867,"date":"2019-11-18T10:27:00","date_gmt":"2019-11-18T15:27:00","guid":{"rendered":"https:\/\/linitiative.ca\/International\/toumouh-entrepreneur-les-21-et-22-novembre-2019-a-la-maison-de-lentreprise\/"},"modified":"2019-11-18T10:27:00","modified_gmt":"2019-11-18T15:27:00","slug":"toumouh-entrepreneur-les-21-et-22-novembre-2019-a-la-maison-de-lentreprise","status":"publish","type":"post","link":"https:\/\/linitiative.ca\/International\/toumouh-entrepreneur-les-21-et-22-novembre-2019-a-la-maison-de-lentreprise\/","title":{"rendered":"\u00abToumouh Entrepreneur\u00bb les 21 et 22 novembre 2019 \u00e0 la Maison de l\u2019Entreprise"},"content":{"rendered":"<p>L\u2019IACE en tant qu\u2019Acteur F\u00e9d\u00e9rateur abrite la 12\u00e9me Edition de la Semaine Mondiale de l\u2019Entrepreneuriat qui se tiendra du 18 au 24 Novembre 2019. Cette manifestation est c\u00e9l\u00e9br\u00e9e dans plus de 170 pays \u00e0 travers le monde.<\/p>\n<p>Charg\u00e9 de promouvoir l\u2019entrepreneuriat en Tunisie, L\u2019IACE organise en collaboration avec SPARK, les 21 et 22 Novembre 2019 \u00e0 la Maison de l\u2019Entreprise un \u00e9v\u00e8nement intitul\u00e9 \u00ab Toumouh Entrepreneur \u00bb.<br \/>Cet \u00e9v\u00e8nement sera une occasion d\u2019\u00e9change et d\u2019apprentissage tant pour les porteurs de projets que pour les porteurs d\u2019id\u00e9es et futurs entrepreneurs.\u00a0<\/p>\n<p>Ind\u00e9niablement, le souhait de l\u2019IACE est de faire \u00e9merger des recommandations et propositions de projets pour renforcer notre positionnement dans l\u2019entrepreneuriat etoffrir une boite \u00e0 outils aux entrepreneurs dans les diff\u00e9rentes phases de leurs projets.<\/p>\n<p>La manifestation r\u00e9unira experts nationaux, structures d\u2019appui et de soutien priv\u00e9es et \u00e9tatiques, associations, soci\u00e9t\u00e9 civile et entrepreneurs autour de conf\u00e9rences et workshops\u2026<\/p>\n<p>Un premier panel mettra le focus sur les services de d\u00e9veloppement des entreprises dans la strat\u00e9gie nationale de l\u2019entrepreneuriat. Ce panel sera une occasion pour pr\u00e9senter les diff\u00e9rentes cat\u00e9gories d\u2019appui \u00e0 la disposition des promoteurs, telles que les plateformes de soutien et les cadres de loi comme le Startup-Act<\/p>\n<p>Le second panel s\u2019articulera autour des m\u00e9canismes de financement. Obtenir des fonds pour une startup est vital pour la p\u00e9rennit\u00e9 du projet.<\/p>\n<p>Le troisi\u00e8me panel sera ax\u00e9 sur les astuces et les conseils de professionnels pouvant aider les entrepreneurs dans leurs parcours, tant sur le plan financier que sur le plan comptable.<\/p>\n<p>La derni\u00e8re partie sera consacr\u00e9e aux Success Stories, un moment de partage indispensable et d\u2019inspiration des jeunes pour lancer leurs propres projets.\u00a0\u00a0<\/p>\n<p>En parall\u00e8le \u00e0 \u00ab Toumouh Entrepreneur \u00bb, plusieurs manifestations seront organis\u00e9es par des structures d\u2019appui publiques, priv\u00e9es, des universit\u00e9s, des centres d\u2019affaires, des associations actives dans l\u2019entrepreneuriat, des coworking spaces, des structures d\u2019appui et de soutien aux entrepreneurs sur tout le territoire, dans l\u2019optique de consolider le positionnement de la Tunisie comme Hub Entrepreneurial et cr\u00e9er le maximum d\u2019effervescence autour de l\u2019\u00e9cosyst\u00e8me entrepreneurial national.<\/p>\n<p>Auteur:<br \/>\n<a href=\"https:\/\/www.leaders.com.tn\/article\/28445-toumouh-entrepreneur-les-21-et-22-novembre-2019-a-la-maison-de-l-entreprise\">Cliquez ici pour lire l&rsquo;article depuis sa source.<\/a><\/p>\n","protected":false},"excerpt":{"rendered":"<p>L\u2019IACE en tant qu\u2019Acteur F\u00e9d\u00e9rateur abrite la 12\u00e9me Edition de la Semaine Mondiale de l\u2019Entrepreneuriat qui se tiendra du 18 au 24 Novembre 2019. Cette manifestation est c\u00e9l\u00e9br\u00e9e dans plus de 170 pays \u00e0 travers le monde. Charg\u00e9 de promouvoir l\u2019entrepreneuriat en Tunisie, L\u2019IACE organise en collaboration avec SPARK, les 21 et 22 Novembre 2019 [&hellip;]<\/p>\n","protected":false},"author":1772,"featured_media":0,"comment_status":"closed","ping_status":"closed","sticky":false,"template":"","format":"standard","meta":{"fifu_image_url":"","fifu_image_alt":"","footnotes":""},"categories":[73,55],"tags":[],"class_list":["post-67867","post","type-post","status-publish","format-standard","hentry","category-actualite","category-tunisie"],"_links":{"self":[{"href":"https:\/\/linitiative.ca\/International\/wp-json\/wp\/v2\/posts\/67867","targetHints":{"allow":["GET"]}}],"collection":[{"href":"https:\/\/linitiative.ca\/International\/wp-json\/wp\/v2\/posts"}],"about":[{"href":"https:\/\/linitiative.ca\/International\/wp-json\/wp\/v2\/types\/post"}],"author":[{"embeddable":true,"href":"https:\/\/linitiative.ca\/International\/wp-json\/wp\/v2\/users\/1772"}],"replies":[{"embeddable":true,"href":"https:\/\/linitiative.ca\/International\/wp-json\/wp\/v2\/comments?post=67867"}],"version-history":[{"count":0,"href":"https:\/\/linitiative.ca\/International\/wp-json\/wp\/v2\/posts\/67867\/revisions"}],"wp:attachment":[{"href":"https:\/\/linitiative.ca\/International\/wp-json\/wp\/v2\/media?parent=67867"}],"wp:term":[{"taxonomy":"category","embeddable":true,"href":"https:\/\/linitiative.ca\/International\/wp-json\/wp\/v2\/categories?post=67867"},{"taxonomy":"post_tag","embeddable":true,"href":"https:\/\/linitiative.ca\/International\/wp-json\/wp\/v2\/tags?post=67867"}],"curies":[{"name":"wp","href":"https:\/\/api.w.org\/{rel}","templated":true}]}}