{"id":67868,"date":"2019-11-18T11:26:00","date_gmt":"2019-11-18T16:26:00","guid":{"rendered":"https:\/\/linitiative.ca\/International\/rencontre-lecture-avec-le-poete-taher-bekri-a-lift\/"},"modified":"2019-11-18T11:26:00","modified_gmt":"2019-11-18T16:26:00","slug":"rencontre-lecture-avec-le-poete-taher-bekri-a-lift","status":"publish","type":"post","link":"https:\/\/linitiative.ca\/International\/rencontre-lecture-avec-le-poete-taher-bekri-a-lift\/","title":{"rendered":"Rencontre-lecture avec le po\u00e8te Taher Bekri \u00e0 l\u2019IFT"},"content":{"rendered":"<p>Dans le cadre du programme ID\u2019BA et avec la collaboration de la librairie Clairefontaine, l\u2019Institut fran\u00e7ais de Tunisie recevra le po\u00e8te et critique litt\u00e9raire M. Tahar Bekri.<\/p>\n<p>Une rencontre-lecture organis\u00e9e le lundi 18 novembre 2019 \u00e0 18h30 se tiendra avec cet amoureux de la tradition po\u00e9tique arabe mais aussi de la po\u00e9sie occidentale moderne. Mme Sophie Renaud, directrice de l\u2019IFT vous invite \u00e0 l\u2019Auditorium de l\u2019Institut situ\u00e9 au 20\/22 Avenue de Paris \u00e0 Tunis pour assister \u00e0 la rencontre anim\u00e9e par Hatem Bourial, et dont la lecture sera assur\u00e9e par Michelle Bouffetier.<\/p>\n<p>Auteur:<br \/>\n<a href=\"https:\/\/www.leaders.com.tn\/article\/28446-rencontre-lecture-avec-le-poete-taher-bekri-a-l-ift\">Cliquez ici pour lire l&rsquo;article depuis sa source.<\/a><\/p>\n","protected":false},"excerpt":{"rendered":"<p>Dans le cadre du programme ID\u2019BA et avec la collaboration de la librairie Clairefontaine, l\u2019Institut fran\u00e7ais de Tunisie recevra le po\u00e8te et critique litt\u00e9raire M. Tahar Bekri. Une rencontre-lecture organis\u00e9e le lundi 18 novembre 2019 \u00e0 18h30 se tiendra avec cet amoureux de la tradition po\u00e9tique arabe mais aussi de la po\u00e9sie occidentale moderne. Mme [&hellip;]<\/p>\n","protected":false},"author":1772,"featured_media":0,"comment_status":"closed","ping_status":"closed","sticky":false,"template":"","format":"standard","meta":{"fifu_image_url":"","fifu_image_alt":"","footnotes":""},"categories":[73,55],"tags":[],"class_list":["post-67868","post","type-post","status-publish","format-standard","hentry","category-actualite","category-tunisie"],"_links":{"self":[{"href":"https:\/\/linitiative.ca\/International\/wp-json\/wp\/v2\/posts\/67868","targetHints":{"allow":["GET"]}}],"collection":[{"href":"https:\/\/linitiative.ca\/International\/wp-json\/wp\/v2\/posts"}],"about":[{"href":"https:\/\/linitiative.ca\/International\/wp-json\/wp\/v2\/types\/post"}],"author":[{"embeddable":true,"href":"https:\/\/linitiative.ca\/International\/wp-json\/wp\/v2\/users\/1772"}],"replies":[{"embeddable":true,"href":"https:\/\/linitiative.ca\/International\/wp-json\/wp\/v2\/comments?post=67868"}],"version-history":[{"count":0,"href":"https:\/\/linitiative.ca\/International\/wp-json\/wp\/v2\/posts\/67868\/revisions"}],"wp:attachment":[{"href":"https:\/\/linitiative.ca\/International\/wp-json\/wp\/v2\/media?parent=67868"}],"wp:term":[{"taxonomy":"category","embeddable":true,"href":"https:\/\/linitiative.ca\/International\/wp-json\/wp\/v2\/categories?post=67868"},{"taxonomy":"post_tag","embeddable":true,"href":"https:\/\/linitiative.ca\/International\/wp-json\/wp\/v2\/tags?post=67868"}],"curies":[{"name":"wp","href":"https:\/\/api.w.org\/{rel}","templated":true}]}}