{"id":67872,"date":"2019-11-18T05:00:00","date_gmt":"2019-11-18T10:00:00","guid":{"rendered":"https:\/\/linitiative.ca\/International\/les-ecoles-primaires-paralysees-pour-trois-jours-a-partir-daujourdhui\/"},"modified":"2019-11-18T05:00:00","modified_gmt":"2019-11-18T10:00:00","slug":"les-ecoles-primaires-paralysees-pour-trois-jours-a-partir-daujourdhui","status":"publish","type":"post","link":"https:\/\/linitiative.ca\/International\/les-ecoles-primaires-paralysees-pour-trois-jours-a-partir-daujourdhui\/","title":{"rendered":"Les \u00e9coles primaires paralys\u00e9es pour trois jours \u00e0 partir d\u2019aujourd\u2019hui"},"content":{"rendered":"<p>Les \u00e9coles primaires seront, une nouvelles fois, paralys\u00e9es \u00e0 partir d\u2019aujourd\u2019hui et pendant trois jours. La Coordination nationale des enseignants du primaire, qui, jusque-l\u00e0, a appel\u00e9 \u00e0 une journ\u00e9e de gr\u00e8ve par semaine, a d\u00e9cid\u00e9 de durcir le mouvement et exige de se r\u00e9unir avec le ministre de l\u2019Education nationale.<\/p>\n<p>Salima Akkouche &#8211; Alger (Le Soir) &#8211; Les \u00e9l\u00e8ves du cycle primaire risquent de rebrousser chemin aujourd\u2019hui. La Coordination nationale des enseignants du primaire a appel\u00e9 \u00e0 une nouvelle gr\u00e8ve \u00e0 partir d\u2019aujourd\u2019hui.\u00a0<br \/>Ces enseignants ont d\u00e9cid\u00e9, depuis la semaine pass\u00e9e, de durcir leur mouvement cyclique pour passer \u00e0 trois jours de gr\u00e8ve par semaine, lundi, mardi et mercredi,\u00a0 au lieu d\u2019une journ\u00e9e.\u00a0<br \/>La raison de cette hausse de col\u00e8re ? La non-r\u00e9action du ministre de l\u2019Education nationale. Pourtant, le d\u00e9partement de Belabed a demand\u00e9, le lundi pass\u00e9, aux enseignants gr\u00e9vistes de d\u00e9signer des repr\u00e9sentants pour discuter avec la tutelle. Or, les repr\u00e9sentants ayant \u00e9t\u00e9 re\u00e7us par le secr\u00e9taire g\u00e9n\u00e9ral ont quitt\u00e9 la table des discussions d\u00e9\u00e7us. Ils ont d\u00e9nonc\u00e9 le manque d\u2019engagement de la tutelle \u00e0 prendre en charge leurs revendications.\u00a0 Ils ont lanc\u00e9 alors un ultimatum \u00e0 la tutelle. Les enseignants, qui ont d\u00e9pos\u00e9 un seuil de revendications \u00e0 satisfaire dans l\u2019imm\u00e9diat, ont exig\u00e9 une rencontre avec le ministre de l\u2019Education en personne ou durcir leur mouvement. La tutelle n\u2019a pas encore r\u00e9agi.\u00a0<br \/>A rappeler que les enseignants du primaire, qui ont d\u00e9clench\u00e9 un mouvement de gr\u00e8ve cyclique depuis plus d\u2019un mois, sans aucune couverture syndicale, revendiquent la modification du statut particulier, de sorte \u00e0 reclasser les enseignants du secondaire, du moyen et du primaire au m\u00eame grade de base, le r\u00e9examen des heures de travail des enseignants du primaire par rapport au temps de travail du moyen et du secondaire, l\u2019application imm\u00e9diate du d\u00e9cret pr\u00e9sidentiel 266\/14 avec effet r\u00e9troactif \u00e0 compter de 2014, le recrutement de superviseurs afin d\u2019assurer l\u2019encadrement des \u00e9l\u00e8ves dans la cour et les cantines pour dispenser les enseignants de ces t\u00e2ches non p\u00e9dagogiques, r\u00e9instaurer le syst\u00e8me de sp\u00e9cialisation dans l\u2019enseignement primaire, notamment pour l\u2019\u00e9ducation sportive, les math\u00e9matiques et la peinture afin de r\u00e9duire les t\u00e2ches de l\u2019enseignant et la r\u00e9vision du programme dans le primaire.<br \/>\u00a0Le Syndicat national des travailleurs de l\u2019\u00e9ducation (SNTE), de son c\u00f4t\u00e9, maintient \u00e9galement son appel \u00e0 la gr\u00e8ve cyclique des journ\u00e9es du lundi.\u00a0 \u00a0<br \/>S. A.<\/p>\n<p>Auteur:<br \/>\n<a href=\"https:\/\/www.lesoirdalgerie.com\/actualites\/les-ecoles-primaires-paralysees-pour-trois-jours-a-partir-daujourdhui-33796\">Cliquez ici pour lire l&rsquo;article depuis sa source.<\/a><\/p>\n","protected":false},"excerpt":{"rendered":"<p>Les \u00e9coles primaires seront, une nouvelles fois, paralys\u00e9es \u00e0 partir d\u2019aujourd\u2019hui et pendant trois jours. La Coordination nationale des enseignants du primaire, qui, jusque-l\u00e0, a appel\u00e9 \u00e0 une journ\u00e9e de gr\u00e8ve par semaine, a d\u00e9cid\u00e9 de durcir le mouvement et exige de se r\u00e9unir avec le ministre de l\u2019Education nationale. Salima Akkouche &#8211; Alger (Le [&hellip;]<\/p>\n","protected":false},"author":1741,"featured_media":0,"comment_status":"closed","ping_status":"closed","sticky":false,"template":"","format":"standard","meta":{"fifu_image_url":"","fifu_image_alt":"","footnotes":""},"categories":[73,53],"tags":[],"class_list":["post-67872","post","type-post","status-publish","format-standard","hentry","category-actualite","category-algerie"],"_links":{"self":[{"href":"https:\/\/linitiative.ca\/International\/wp-json\/wp\/v2\/posts\/67872","targetHints":{"allow":["GET"]}}],"collection":[{"href":"https:\/\/linitiative.ca\/International\/wp-json\/wp\/v2\/posts"}],"about":[{"href":"https:\/\/linitiative.ca\/International\/wp-json\/wp\/v2\/types\/post"}],"author":[{"embeddable":true,"href":"https:\/\/linitiative.ca\/International\/wp-json\/wp\/v2\/users\/1741"}],"replies":[{"embeddable":true,"href":"https:\/\/linitiative.ca\/International\/wp-json\/wp\/v2\/comments?post=67872"}],"version-history":[{"count":0,"href":"https:\/\/linitiative.ca\/International\/wp-json\/wp\/v2\/posts\/67872\/revisions"}],"wp:attachment":[{"href":"https:\/\/linitiative.ca\/International\/wp-json\/wp\/v2\/media?parent=67872"}],"wp:term":[{"taxonomy":"category","embeddable":true,"href":"https:\/\/linitiative.ca\/International\/wp-json\/wp\/v2\/categories?post=67872"},{"taxonomy":"post_tag","embeddable":true,"href":"https:\/\/linitiative.ca\/International\/wp-json\/wp\/v2\/tags?post=67872"}],"curies":[{"name":"wp","href":"https:\/\/api.w.org\/{rel}","templated":true}]}}