{"id":67874,"date":"2019-11-18T05:00:00","date_gmt":"2019-11-18T10:00:00","guid":{"rendered":"https:\/\/linitiative.ca\/International\/debut-houleux-pour-bengrina\/"},"modified":"2019-11-18T05:00:00","modified_gmt":"2019-11-18T10:00:00","slug":"debut-houleux-pour-bengrina","status":"publish","type":"post","link":"https:\/\/linitiative.ca\/International\/debut-houleux-pour-bengrina\/","title":{"rendered":"D\u00e9but houleux pour Bengrina"},"content":{"rendered":"<p>Le premier jour de campagne \u00e9lectorale pour l\u2019\u00e9lection pr\u00e9sidentielle fix\u00e9e au 12 d\u00e9cembre a \u00e9t\u00e9 laborieux pour le candidat islamiste Abdelkader Bengrina. Ce dernier a choisi une place embl\u00e9matique de la contestation populaire contre le syst\u00e8me pour lancer son p\u00e9riple.<br \/>Karim Aimeur &#8211; Alger (Le Soir) &#8211; Le pr\u00e9sident du parti El Binaa a, en effet, choisi la place de la Grande-Poste pour lancer son p\u00e9riple \u00e9lectoral qui le conduira dans plusieurs wilayas du pays. Le passage du candidat a \u00e9t\u00e9 mouvement\u00e9, avec une tension entre ses partisans et les opposants \u00e0 l\u2019\u00e9lection.<br \/>En arrivant devant l\u2019\u00e9difice, Bengrina a \u00e9t\u00e9 re\u00e7u par quelques dizaines de ses partisans, sous une haute surveillance polici\u00e8re assur\u00e9e par des agents en civil et en uniforme.<br \/>\u00ab Bengrina Pr\u00e9sident, Bengrina Pr\u00e9sident !&#8230; \u00bb, a lanc\u00e9 la foule qui s\u2019est constitu\u00e9e autour de son cort\u00e8ge, sous les regards quelque peu surpris des citoyens qui \u00e9taient attabl\u00e9s aux terrasses des caf\u00e9t\u00e9rias de la place et des passants.<br \/>A l\u2019aide d\u2019un amplificateur de voix, le candidat \u00e0 l\u2019\u00e9lection pr\u00e9sidentielle a pris la parole alors que ses partisans reprenaient quelques slogans du mouvement citoyen. Il a lanc\u00e9 ainsi officiellement sa campagne \u00ab \u00e0 partir de cette place de la libert\u00e9 et de la dignit\u00e9, ce symbole de la chute de l\u2019empire de la corruption politique et financi\u00e8re qui a jet\u00e9 les bases d\u2019une nouvelle R\u00e9publique qui est un prolongement de Novembre \u00bb, a-t-il lanc\u00e9.<br \/>Il a poursuivi en rendant hommage \u00e0 Abdelhamid Ben Badis, reprenant ainsi \u00e0 son compte le nouveau concept n\u00e9 ces derniers mois de \u00ab novembria-badissia \u00bb.<br \/>Une haute voix provenant de loin d\u00e9nonce les \u00e9lections, mais l\u2019orateur ne veut pas broncher.<br \/>Il a expliqu\u00e9 que la nouvelle Alg\u00e9rie \u00e0 laquelle il aspire sera bas\u00e9e sur son histoire.<br \/>Et d\u2019affirmer que s\u2019il \u00e9tait \u00e9lu Pr\u00e9sident, il ferait de l\u2019\u00e9difice de la Grande-Poste \u00ab un mus\u00e9e de la libert\u00e9 et de la dignit\u00e9 \u00bb.<br \/>Rappelant qu\u2019il manifestait devant cette embl\u00e9matique place du mouvement citoyen durant les dix premiers vendredis de la contestation, Bengrina a rendu hommage aux martyrs du \u00ab Hirak \u00bb, dont Hassen Benkhedda, mort lors des premiers vendredis.<br \/>\u00ab Ce Hirak tire sa l\u00e9gitimit\u00e9 de Novembre \u00bb, a-t-il d\u00e9clar\u00e9.<br \/>A ce moment, le candidat ne savait certainement pas ce qui l\u2019attendait quelques m\u00e8tres plus loin, lorsqu\u2019il est all\u00e9 saluer ses partisans au niveau du si\u00e8ge de sa formation, en bas de l\u2019h\u00f4tel Regina. Il n\u2019est pas mont\u00e9 \u00e0 l\u2019\u00e9tage de l\u2019immeuble d\u2019o\u00f9 son portrait a \u00e9t\u00e9 d\u00e9roul\u00e9, occupant une bonne partie de la fa\u00e7ade. A ce moment, des slogans hostiles aux \u00e9lections fusaient du haut du si\u00e8ge de l\u2019association SOS Disparus mais aussi dans la rue.<br \/>Plusieurs manifestants se sont rassembl\u00e9s sur les lieux, lan\u00e7ant les mots d\u2019ordre du Hirak.<br \/>K. A.<\/p>\n<p>Auteur:<br \/>\n<a href=\"https:\/\/www.lesoirdalgerie.com\/actualites\/debut-houleux-pour-bengrina-33794\">Cliquez ici pour lire l&rsquo;article depuis sa source.<\/a><\/p>\n","protected":false},"excerpt":{"rendered":"<p>Le premier jour de campagne \u00e9lectorale pour l\u2019\u00e9lection pr\u00e9sidentielle fix\u00e9e au 12 d\u00e9cembre a \u00e9t\u00e9 laborieux pour le candidat islamiste Abdelkader Bengrina. Ce dernier a choisi une place embl\u00e9matique de la contestation populaire contre le syst\u00e8me pour lancer son p\u00e9riple.Karim Aimeur &#8211; Alger (Le Soir) &#8211; Le pr\u00e9sident du parti El Binaa a, en effet, [&hellip;]<\/p>\n","protected":false},"author":1741,"featured_media":0,"comment_status":"closed","ping_status":"closed","sticky":false,"template":"","format":"standard","meta":{"fifu_image_url":"","fifu_image_alt":"","footnotes":""},"categories":[73,53],"tags":[],"class_list":["post-67874","post","type-post","status-publish","format-standard","hentry","category-actualite","category-algerie"],"_links":{"self":[{"href":"https:\/\/linitiative.ca\/International\/wp-json\/wp\/v2\/posts\/67874","targetHints":{"allow":["GET"]}}],"collection":[{"href":"https:\/\/linitiative.ca\/International\/wp-json\/wp\/v2\/posts"}],"about":[{"href":"https:\/\/linitiative.ca\/International\/wp-json\/wp\/v2\/types\/post"}],"author":[{"embeddable":true,"href":"https:\/\/linitiative.ca\/International\/wp-json\/wp\/v2\/users\/1741"}],"replies":[{"embeddable":true,"href":"https:\/\/linitiative.ca\/International\/wp-json\/wp\/v2\/comments?post=67874"}],"version-history":[{"count":0,"href":"https:\/\/linitiative.ca\/International\/wp-json\/wp\/v2\/posts\/67874\/revisions"}],"wp:attachment":[{"href":"https:\/\/linitiative.ca\/International\/wp-json\/wp\/v2\/media?parent=67874"}],"wp:term":[{"taxonomy":"category","embeddable":true,"href":"https:\/\/linitiative.ca\/International\/wp-json\/wp\/v2\/categories?post=67874"},{"taxonomy":"post_tag","embeddable":true,"href":"https:\/\/linitiative.ca\/International\/wp-json\/wp\/v2\/tags?post=67874"}],"curies":[{"name":"wp","href":"https:\/\/api.w.org\/{rel}","templated":true}]}}