{"id":67875,"date":"2019-11-18T05:00:00","date_gmt":"2019-11-18T10:00:00","guid":{"rendered":"https:\/\/linitiative.ca\/International\/eteindre-le-feu-de-la-fitna\/"},"modified":"2019-11-18T05:00:00","modified_gmt":"2019-11-18T10:00:00","slug":"eteindre-le-feu-de-la-fitna","status":"publish","type":"post","link":"https:\/\/linitiative.ca\/International\/eteindre-le-feu-de-la-fitna\/","title":{"rendered":"\u00ab\u00c9teindre le feu de la fitna\u00bb"},"content":{"rendered":"<p>Tendu a \u00e9t\u00e9 le meeting que Ali Benflis a eu \u00e0 animer, hier dimanche, \u00e0 Tlemcen, au premier jour de la campagne \u00e9lectorale pour le scrutin pr\u00e9sidentiel du 12 d\u00e9cembre prochain.\u00a0<br \/>M. Kebci &#8211; Alger (Le Soir) &#8211; Les appr\u00e9hensions de la veille se sont av\u00e9r\u00e9es justifi\u00e9es puisque une tension \u00e9tait palpable d\u00e8s la matin\u00e9e aux abords de la maison de la culture Abdelkader-Alloula, lieu de la manifestation dont les alentours ont \u00e9t\u00e9 minutieusement quadrill\u00e9s par un impressionnant dispositif s\u00e9curitaire. Ce qui n&rsquo;a pas \u00e9t\u00e9 pour emp\u00eacher nombre d&rsquo;activistes du mouvement populaire, oppos\u00e9s au scrutin projet\u00e9, de manifester bruyamment leur rejet de l\u2019\u00e9lection pr\u00e9sidentielle pr\u00e9vue dans moins d&rsquo;un mois. Des centaines de manifestants avaient pris possession de la rue de France puis celle de Bel-Abb\u00e8s pour r\u00e9it\u00e9rer les mots d&rsquo;ordre du mouvement populaire. Ce qui a provoqu\u00e9 un retard de pr\u00e8s d&rsquo;une heure par rapport \u00e0 l&rsquo;horaire initial du meeting, qui n&rsquo;a d\u00e9but\u00e9 que peu apr\u00e8s onze heures.\u00a0<br \/>L&rsquo;occasion pour le pr\u00e9sident du parti des Avant-gardes des libert\u00e9s pour expliquer d&rsquo;abord sa participation puis d\u00e9cliner les principaux axes de sa campagne \u00e9lectorale. \u00abJe me suis port\u00e9 candidat pour \u00e9teindre le feu de la fitna qui br\u00fble le pays.\u00bb Et de r\u00e9pliquer aux partisans du rejet de ce scrutin: \u00abOn ne va pas aller aux \u00e9lections, oui, d&rsquo;accord, mais que faire apr\u00e8s ?, s&rsquo;est-il interrog\u00e9. \u00abEt cette crise \u00e9conomique qui frappe jusqu&rsquo;\u00e0 nos portes ?\u00bb, a-t-il ajout\u00e9.\u00a0<br \/>Benflis a reconnu, n\u00e9anmoins, que les \u00e9lections du 12 d\u00e9cembre prochain ne seront pas exemplaires mais acceptables. Une exemplarit\u00e9 que concr\u00e9tiseront les futures \u00e9lections. Et de plaider pour la culture de la tol\u00e9rance et de la diff\u00e9rence. Et pas que ces engagements puisque le candidat Benflis promet que le prochain gouvernement sera l&rsquo;\u00e9manation de la majorit\u00e9 parlementaire \u00e0 l&rsquo;issue d&rsquo;\u00e9lections l\u00e9gislatives anticip\u00e9es qu&rsquo;il compte tenir. Avec au pr\u00e9alable la revue des lois y aff\u00e9rentes, entre autres, la loi sur les partis et la loi portant r\u00e9gime \u00e9lectoral. Quant au Conseil de la Nation, Benflis dit le maintenir avec de nouvelles missions qui lui seront conc\u00e9d\u00e9es pour, comme il dit, en faire une v\u00e9ritable p\u00e9pini\u00e8re \u00e0 m\u00eame de pouvoir r\u00e9pondre aux v\u00e9ritables probl\u00e8mes du pays profond. Et de plaider, dans ce sens, pour l&rsquo;augmentation du nombre de communes et la mise en place de r\u00e9gions. Il promettra aussi un r\u00f4le plus accru pour l&rsquo;opposition parlementaire, r\u00e9it\u00e9rant son appel \u00e0 un dialogue le plus large possible qui inclura, notamment, l&rsquo;opposition.\u00a0<br \/>Sur le plan \u00e9conomique, le pr\u00e9sident du parti des Avant-gardes des libert\u00e9s s&rsquo;engage \u00e0 r\u00e9duire de vingt pour cent le train de vie de l&rsquo;\u00c9tat, lib\u00e9rer le foncier industriel, d\u00e9politiser l&rsquo;acte \u00e9conomique, mener une guerre sans merci contre la bureaucratie \u00e0 m\u00eame d&rsquo;am\u00e9liorer le climat des affaires et attirer les investissements \u00e9trangers.<br \/>Sur ce qu&rsquo;il consid\u00e8re comme troisi\u00e8me urgence, sociale celle-l\u00e0, Benflis propose une commission d\u00e9di\u00e9e aux droits de l&rsquo;Homme qui tranche nettement avec celles qui ont servi de simples vitrines au pouvoir en place. Dans ce sens, il promettra que la composante de cette future commission sera parmi les d\u00e9fenseurs des droits de l&rsquo;Homme et pas parmi les d\u00e9fenseurs des droits de l&rsquo;Homme organiques.\u00a0<br \/>\u00c0 noter que le candidat Ali Benflis devait animer son second meeting \u00e9lectoral, hier en fin de journ\u00e9e, dans la lointaine Tamanrasset.\u00a0<br \/>M. K.<\/p>\n<p>Auteur:<br \/>\n<a href=\"https:\/\/www.lesoirdalgerie.com\/actualites\/eteindre-le-feu-de-la-fitna-33793\">Cliquez ici pour lire l&rsquo;article depuis sa source.<\/a><\/p>\n","protected":false},"excerpt":{"rendered":"<p>Tendu a \u00e9t\u00e9 le meeting que Ali Benflis a eu \u00e0 animer, hier dimanche, \u00e0 Tlemcen, au premier jour de la campagne \u00e9lectorale pour le scrutin pr\u00e9sidentiel du 12 d\u00e9cembre prochain.\u00a0M. Kebci &#8211; Alger (Le Soir) &#8211; Les appr\u00e9hensions de la veille se sont av\u00e9r\u00e9es justifi\u00e9es puisque une tension \u00e9tait palpable d\u00e8s la matin\u00e9e aux [&hellip;]<\/p>\n","protected":false},"author":1741,"featured_media":0,"comment_status":"closed","ping_status":"closed","sticky":false,"template":"","format":"standard","meta":{"fifu_image_url":"","fifu_image_alt":"","footnotes":""},"categories":[73,53],"tags":[],"class_list":["post-67875","post","type-post","status-publish","format-standard","hentry","category-actualite","category-algerie"],"_links":{"self":[{"href":"https:\/\/linitiative.ca\/International\/wp-json\/wp\/v2\/posts\/67875","targetHints":{"allow":["GET"]}}],"collection":[{"href":"https:\/\/linitiative.ca\/International\/wp-json\/wp\/v2\/posts"}],"about":[{"href":"https:\/\/linitiative.ca\/International\/wp-json\/wp\/v2\/types\/post"}],"author":[{"embeddable":true,"href":"https:\/\/linitiative.ca\/International\/wp-json\/wp\/v2\/users\/1741"}],"replies":[{"embeddable":true,"href":"https:\/\/linitiative.ca\/International\/wp-json\/wp\/v2\/comments?post=67875"}],"version-history":[{"count":0,"href":"https:\/\/linitiative.ca\/International\/wp-json\/wp\/v2\/posts\/67875\/revisions"}],"wp:attachment":[{"href":"https:\/\/linitiative.ca\/International\/wp-json\/wp\/v2\/media?parent=67875"}],"wp:term":[{"taxonomy":"category","embeddable":true,"href":"https:\/\/linitiative.ca\/International\/wp-json\/wp\/v2\/categories?post=67875"},{"taxonomy":"post_tag","embeddable":true,"href":"https:\/\/linitiative.ca\/International\/wp-json\/wp\/v2\/tags?post=67875"}],"curies":[{"name":"wp","href":"https:\/\/api.w.org\/{rel}","templated":true}]}}