{"id":67876,"date":"2019-11-18T05:00:00","date_gmt":"2019-11-18T10:00:00","guid":{"rendered":"https:\/\/linitiative.ca\/International\/a-lepreuve-du-terrain\/"},"modified":"2019-11-18T05:00:00","modified_gmt":"2019-11-18T10:00:00","slug":"a-lepreuve-du-terrain","status":"publish","type":"post","link":"https:\/\/linitiative.ca\/International\/a-lepreuve-du-terrain\/","title":{"rendered":"\u00c0 l&rsquo;\u00e9preuve du terrain"},"content":{"rendered":"<p>Premier jour de campagne \u00e9lectorale. Les candidats \u00e0 l\u2019\u00e9lection pr\u00e9sidentielle sont partis \u00e0 l\u2019assaut des \u00e9lecteurs en ciblant essentiellement les villes du Sud. Seul Bengrina a d\u00e9cid\u00e9 de prendre le pouls de la capitale. Il a pu constater le peu d\u2019engouement des Alg\u00e9rois pour le scrutin puisqu\u2019il a \u00e9t\u00e9 hu\u00e9. Ali Benflis, qui \u00e9tait \u00e0 Tlemcen, a \u00e9t\u00e9 chahut\u00e9 par des \u00e9tudiants qui ont scand\u00e9 des slogans hostiles \u00e0 la tenue des \u00e9lections. Le directeur de campagne de Tebboune a, quant \u00e0 lui, d\u00e9missionn\u00e9.\u00a0<br \/>Nawal Im\u00e8s &#8211; Alger (Le Soir) &#8211; C\u2019est dans cette atmosph\u00e8re que les candidats ont eu \u00e0 affronter leur premier jour de campagne. Si depuis le lancement du processus \u00e9lectoral, les cinq postulants ont savamment \u00e9vit\u00e9 tout contact avec la population, le lancement de la campagne \u00e9lectorale les oblige \u00e0 s\u2019en rapprocher. Dans un contexte tendu, l\u2019exercice risque d\u2019\u00eatre p\u00e9rilleux pour beaucoup d\u2019entre eux.\u00a0<br \/>Ce premier jour aura \u00e9t\u00e9 particuli\u00e8rement compliqu\u00e9 pour le candidat Bengrina, pour qui la vir\u00e9e alg\u00e9roise\u00a0 ne s\u2019est pas pass\u00e9e dans les meilleures conditions. Idem pour Ali Benflis. Des sc\u00e8nes qui risquent de se r\u00e9p\u00e9ter durant les trois semaines que durera la campagne \u00e9lectorale.\u00a0<br \/>Autre signe d\u2019une campagne qui d\u00e9marre difficilement, les panneaux d\u2019affichage sont rest\u00e9s quasiment vides hier dimanche. Aucun des candidats n\u2019a pris l\u2019initiative d\u2019y coller des affiches, \u00e0 l\u2019exception de Bengrina, notamment \u00e0 Alger.\u00a0<br \/>Une capitale qui aura \u00e9t\u00e9 hier le th\u00e9\u00e2tre d\u2019un d\u00e9ploiement inhabituel des forces de l\u2019ordre. Le d\u00e9cor est visiblement plant\u00e9 pour une campagne \u00e9lectorale qui s\u2019annonce in\u00e9dite de par le contexte dans lequel elle intervient. C\u2019est bien la premi\u00e8re fois dans l\u2019histoire du pays qu\u2019un processus \u00e9lectoral est officiellement confi\u00e9 \u00e0 une autorit\u00e9 dite ind\u00e9pendante et non pas au minist\u00e8re de l\u2019Int\u00e9rieur.<br \/>\u00a0De bout en bout, l\u2019instance, pr\u00e9sid\u00e9e par un ancien ministre de la Justice, aura \u00e9t\u00e9 charg\u00e9e de pr\u00e9parer le rendez-vous \u00e9lectoral. C\u2019est \u00e0 elle qu\u2019a \u00e9t\u00e9 d\u00e9volue la mission d\u2019\u00e9tudier les dossiers de candidature, puis de faire l\u2019annonce des cinq noms retenus pour la course. Elle doit maintenant veiller \u00e0 ce que la campagne \u00e9lectorale se d\u00e9roule dans les meilleures conditions.\u00a0<br \/>L\u2019instance a bien fait signer une charte aux candidats et aux repr\u00e9sentants des m\u00e9dias, mais n\u2019a certainement aucune emprise sur la rue. Si les candidats se sont engag\u00e9s \u00e0 respecter une certaine \u00e9thique, les opposants \u00e0 la tenue des \u00e9lections n\u2019ont pris qu\u2019un seul et unique engagement, celui de continuer \u00e0 s\u2019y opposer. Une situation qui place les candidats face \u00e0 un double d\u00e9fi. Si celui de la participation a toujours constitu\u00e9 un enjeu de taille, il le sera davantage pour ce rendez-vous \u00e9lectoral et pour cause, les candidats qui ont accept\u00e9 de se pr\u00e9senter dans ce contexte vont devoir, non seulement convaincre les plus r\u00e9ticents \u00e0 aller voter mais \u00e9galement\u00a0 convaincre ceux d\u00e9sireux de le faire de glisser le bon bulletin le jour J. Tout un\u00a0 \u00a0programme!<br \/>N. I.<\/p>\n<p>Auteur:<br \/>\n<a href=\"https:\/\/www.lesoirdalgerie.com\/actualites\/a-lepreuve-du-terrain-33792\">Cliquez ici pour lire l&rsquo;article depuis sa source.<\/a><\/p>\n","protected":false},"excerpt":{"rendered":"<p>Premier jour de campagne \u00e9lectorale. Les candidats \u00e0 l\u2019\u00e9lection pr\u00e9sidentielle sont partis \u00e0 l\u2019assaut des \u00e9lecteurs en ciblant essentiellement les villes du Sud. Seul Bengrina a d\u00e9cid\u00e9 de prendre le pouls de la capitale. Il a pu constater le peu d\u2019engouement des Alg\u00e9rois pour le scrutin puisqu\u2019il a \u00e9t\u00e9 hu\u00e9. Ali Benflis, qui \u00e9tait \u00e0 [&hellip;]<\/p>\n","protected":false},"author":1741,"featured_media":0,"comment_status":"closed","ping_status":"closed","sticky":false,"template":"","format":"standard","meta":{"fifu_image_url":"","fifu_image_alt":"","footnotes":""},"categories":[73,53],"tags":[],"class_list":["post-67876","post","type-post","status-publish","format-standard","hentry","category-actualite","category-algerie"],"_links":{"self":[{"href":"https:\/\/linitiative.ca\/International\/wp-json\/wp\/v2\/posts\/67876","targetHints":{"allow":["GET"]}}],"collection":[{"href":"https:\/\/linitiative.ca\/International\/wp-json\/wp\/v2\/posts"}],"about":[{"href":"https:\/\/linitiative.ca\/International\/wp-json\/wp\/v2\/types\/post"}],"author":[{"embeddable":true,"href":"https:\/\/linitiative.ca\/International\/wp-json\/wp\/v2\/users\/1741"}],"replies":[{"embeddable":true,"href":"https:\/\/linitiative.ca\/International\/wp-json\/wp\/v2\/comments?post=67876"}],"version-history":[{"count":0,"href":"https:\/\/linitiative.ca\/International\/wp-json\/wp\/v2\/posts\/67876\/revisions"}],"wp:attachment":[{"href":"https:\/\/linitiative.ca\/International\/wp-json\/wp\/v2\/media?parent=67876"}],"wp:term":[{"taxonomy":"category","embeddable":true,"href":"https:\/\/linitiative.ca\/International\/wp-json\/wp\/v2\/categories?post=67876"},{"taxonomy":"post_tag","embeddable":true,"href":"https:\/\/linitiative.ca\/International\/wp-json\/wp\/v2\/tags?post=67876"}],"curies":[{"name":"wp","href":"https:\/\/api.w.org\/{rel}","templated":true}]}}