{"id":67895,"date":"2019-11-18T16:50:03","date_gmt":"2019-11-18T21:50:03","guid":{"rendered":"https:\/\/linitiative.ca\/International\/washington-ne-considere-plus-les-colonies-israeliennes-contraires-au-droit-international\/"},"modified":"2019-11-18T16:50:03","modified_gmt":"2019-11-18T21:50:03","slug":"washington-ne-considere-plus-les-colonies-israeliennes-contraires-au-droit-international","status":"publish","type":"post","link":"https:\/\/linitiative.ca\/International\/washington-ne-considere-plus-les-colonies-israeliennes-contraires-au-droit-international\/","title":{"rendered":"Washington ne consid\u00e8re plus les colonies isra\u00e9liennes contraires au droit international"},"content":{"rendered":"<div readability=\"32\">\n<p>Publi\u00e9 le 18.11.2019 \u00e0 22h50 par AFP<\/p>\n<\/div>\n<div readability=\"123\">\n<p>L\u2019administration de Donald Trump a donn\u00e9 lundi un nouveau coup de canif au consensus international sur le conflit isra\u00e9lo-palestinien, en annon\u00e7ant que les Etats-Unis ne consid\u00e9raient plus comme ill\u00e9gales les colonies de l\u2019Etat h\u00e9breu en Cisjordanie occup\u00e9e.<\/p>\n<p>Apr\u00e8s la reconnaissance unilat\u00e9rale de J\u00e9rusalem comme capitale d\u2019Isra\u00ebl et celle de la souverainet\u00e9 de l\u2019Etat h\u00e9breu sur le Golan syrien, il s\u2019agit d\u2019une nouvelle d\u00e9cision spectaculaire en rupture avec la tradition diplomatique am\u00e9ricaine, aussit\u00f4t salu\u00e9e par le Premier ministre isra\u00e9lien Benjamin Netanyahu et d\u00e9nonc\u00e9e par l\u2019Autorit\u00e9 palestinienne.<\/p>\n<p>\u00ab\u00a0Apr\u00e8s avoir examin\u00e9 soigneusement tous les arguments de ce d\u00e9bat juridique\u00a0\u00bb, l\u2019administration Trump conclut que \u00ab\u00a0l\u2019\u00e9tablissement de colonies de civils isra\u00e9liens en Cisjordanie n\u2019est pas en soi contraire au droit international\u00a0\u00bb, a d\u00e9clar\u00e9 le chef de la diplomatie am\u00e9ricaine Mike Pompeo devant la presse.<\/p>\n<p>Il a tenu \u00e0 pr\u00e9senter cette annonce comme un retour \u00e0 l\u2019interpr\u00e9tation du pr\u00e9sident Ronald Reagan au d\u00e9but des ann\u00e9es 1980, se d\u00e9marquant surtout de la pr\u00e9c\u00e9dente administration d\u00e9mocrate de Barack Obama qui avait vivement condamn\u00e9 la colonisation.<\/p>\n<p>Mais la politique am\u00e9ricaine s\u2019appuyait en fait jusqu\u2019ici, au moins th\u00e9oriquement, sur un avis juridique du d\u00e9partement d\u2019Etat remontant \u00e0 1978, selon lequel \u00ab\u00a0l\u2019\u00e9tablissement de colonies de population dans ces territoires\u00a0\u00bb n\u2019\u00e9tait \u00ab\u00a0pas conforme au droit international\u00a0\u00bb. Ces colonies install\u00e9es sur les territoires palestiniens occup\u00e9s par Isra\u00ebl depuis 1967 sont en effet jug\u00e9es ill\u00e9gales par l\u2019ONU, et une grande partie de la communaut\u00e9 internationale voit en elles un obstacle majeur \u00e0 la paix.<\/p>\n<p>Mike Pompeo a donc d\u00e9cid\u00e9 que cet avis de 1978 \u00e9tait caduc.<\/p>\n<p>\u00ab\u00a0La v\u00e9rit\u00e9, c\u2019est qu\u2019il n\u2019y aura jamais de solution judiciaire au conflit, et que les d\u00e9bats sur qui a raison et qui a tort au regard du droit international n\u2019apporteront pas la paix\u00a0\u00bb, a-t-il estim\u00e9, assurant qu\u2019il ne s\u2019agissait ni d\u2019une ing\u00e9rence dans la politique isra\u00e9lienne, ni d\u2019un feu vert g\u00e9n\u00e9ralis\u00e9 \u00e0 la colonisation.<\/p>\n<p>\u2013 \u00ab\u00a0V\u00e9rit\u00e9 historique\u00a0\u00bb \u2013<\/p>\n<p>Il a \u00e9galement fait valoir que cette d\u00e9cision ne pr\u00e9jugeait pas du \u00ab\u00a0statut final\u00a0\u00bb de la Cisjordanie, dont le sort d\u00e9pendra de futures n\u00e9gociations entre Isra\u00e9liens et Palestiniens, rendues tr\u00e8s hypoth\u00e9tiques par un processus de paix au point mort. L\u2019administration Trump tarde d\u2019ailleurs \u00e0 d\u00e9voiler son propre plan de paix, rejet\u00e9 par avance par les Palestiniens.<\/p>\n<p>Mais la d\u00e9cision am\u00e9ricaine pourrait \u00eatre interpr\u00e9t\u00e9e comme un nouveau coup de pouce \u00e0 Benjamin Netanyahu, qui a propos\u00e9 d\u2019annexer une partie des colonies de Cisjordanie occup\u00e9e, au moment o\u00f9 les partis isra\u00e9liens m\u00e8nent de difficiles tractations pour former un gouvernement.<\/p>\n<p>Pour le chef du gouvernement sortant, l\u2019interpr\u00e9tation de son plus proche alli\u00e9 \u00ab\u00a0est le reflet d\u2019une v\u00e9rit\u00e9 historique: que les juifs ne sont pas des colonisateurs \u00e9trangers en Jud\u00e9e-Samarie\u00a0\u00bb, selon le nom biblique utilis\u00e9 en Isra\u00ebl pour d\u00e9signer la Cisjordanie occup\u00e9e.<\/p>\n<p>Washington n\u2019est \u00ab\u00a0pas qualifi\u00e9 ou autoris\u00e9 \u00e0 annuler des dispositions de droit international et n\u2019a pas le droit de l\u00e9galiser des colonies isra\u00e9liennes\u00a0\u00bb, a au contraire protest\u00e9 le porte-parole de la pr\u00e9sidence palestinienne, Nabil Abou Roudeina.<\/p>\n<p>Le gouvernement r\u00e9publicain au pouvoir depuis 2017 aux Etats-Unis, qui a multipli\u00e9 les marques de soutien \u00e0 l\u2019Etat h\u00e9breu, s\u2019\u00e9tait d\u00e9j\u00e0 montr\u00e9 beaucoup plus souple sur cette question ultrasensible.<\/p>\n<p>L\u2019ambassadeur des Etats-Unis \u00e0 J\u00e9rusalem David Friedman est all\u00e9 jusqu\u2019\u00e0 estimer qu\u2019Isra\u00ebl avait \u00ab\u00a0le droit\u00a0\u00bb d\u2019annexer \u00ab\u00a0une partie\u00a0\u00bb de la Cisjordanie occup\u00e9e. Et Mike Pompeo avait refus\u00e9 en avril de dire si Washington s\u2019opposerait \u00e0 une \u00e9ventuelle annexion des colonies de Cisjordanie par l\u2019Etat h\u00e9breu.<\/p>\n<p>Parall\u00e8lement, Washington a cess\u00e9 toute aide aux Palestiniens, avec lesquels la rupture est consomm\u00e9e depuis l\u2019annonce tonitruante concernant J\u00e9rusalem. L\u2019Autorit\u00e9 palestinienne de Mahmoud Abbas ne consid\u00e8re plus les Etats-Unis comme un m\u00e9diateur possible, ni m\u00eame un simple interlocuteur, et a mis fin \u00e0 tous ses contacts avec les Am\u00e9ricains.<\/p>\n<\/div>\n<p>Auteur: AFP<br \/>\n<a href=\"https:\/\/www.journalducameroun.com\/washington-ne-considere-plus-les-colonies-israeliennes-contraires-au-droit-international\/\">Cliquez ici pour lire l&rsquo;article depuis sa source.<\/a><\/p>\n","protected":false},"excerpt":{"rendered":"<p>Publi\u00e9 le 18.11.2019 \u00e0 22h50 par AFP L\u2019administration de Donald Trump a donn\u00e9 lundi un nouveau coup de canif au consensus international sur le conflit isra\u00e9lo-palestinien, en annon\u00e7ant que les Etats-Unis ne consid\u00e9raient plus comme ill\u00e9gales les colonies de l\u2019Etat h\u00e9breu en Cisjordanie occup\u00e9e. Apr\u00e8s la reconnaissance unilat\u00e9rale de J\u00e9rusalem comme capitale d\u2019Isra\u00ebl et celle [&hellip;]<\/p>\n","protected":false},"author":1965,"featured_media":0,"comment_status":"closed","ping_status":"closed","sticky":false,"template":"","format":"standard","meta":{"fifu_image_url":"","fifu_image_alt":"","footnotes":""},"categories":[73,82],"tags":[],"class_list":["post-67895","post","type-post","status-publish","format-standard","hentry","category-actualite","category-cameroun"],"_links":{"self":[{"href":"https:\/\/linitiative.ca\/International\/wp-json\/wp\/v2\/posts\/67895","targetHints":{"allow":["GET"]}}],"collection":[{"href":"https:\/\/linitiative.ca\/International\/wp-json\/wp\/v2\/posts"}],"about":[{"href":"https:\/\/linitiative.ca\/International\/wp-json\/wp\/v2\/types\/post"}],"author":[{"embeddable":true,"href":"https:\/\/linitiative.ca\/International\/wp-json\/wp\/v2\/users\/1965"}],"replies":[{"embeddable":true,"href":"https:\/\/linitiative.ca\/International\/wp-json\/wp\/v2\/comments?post=67895"}],"version-history":[{"count":0,"href":"https:\/\/linitiative.ca\/International\/wp-json\/wp\/v2\/posts\/67895\/revisions"}],"wp:attachment":[{"href":"https:\/\/linitiative.ca\/International\/wp-json\/wp\/v2\/media?parent=67895"}],"wp:term":[{"taxonomy":"category","embeddable":true,"href":"https:\/\/linitiative.ca\/International\/wp-json\/wp\/v2\/categories?post=67895"},{"taxonomy":"post_tag","embeddable":true,"href":"https:\/\/linitiative.ca\/International\/wp-json\/wp\/v2\/tags?post=67895"}],"curies":[{"name":"wp","href":"https:\/\/api.w.org\/{rel}","templated":true}]}}