{"id":67899,"date":"2019-11-18T11:21:28","date_gmt":"2019-11-18T16:21:28","guid":{"rendered":"https:\/\/linitiative.ca\/International\/paul-biya-impose-de-nouveau-les-investitures-aux-militants-du-rdpc\/"},"modified":"2019-11-18T11:21:28","modified_gmt":"2019-11-18T16:21:28","slug":"paul-biya-impose-de-nouveau-les-investitures-aux-militants-du-rdpc","status":"publish","type":"post","link":"https:\/\/linitiative.ca\/International\/paul-biya-impose-de-nouveau-les-investitures-aux-militants-du-rdpc\/","title":{"rendered":"Paul Biya impose de nouveau les investitures aux militants du RDPC"},"content":{"rendered":"<p>Comme en 2013, la d\u00e9signation des candidats du Rassemblement d\u00e9mocratique du peuple camerounais (<strong>RDPC<\/strong>) va se faire de mani\u00e8re horizontale, et non par la base. Ainsi en a d\u00e9cid\u00e9 la hi\u00e9rarchie du parti au pouvoir. A travers <strong>deux circulaires<\/strong> sign\u00e9es le 15 novembre 2019, le pr\u00e9sident du RDPC, <strong>Paul Biya<\/strong>, a fix\u00e9 les modalit\u00e9s et les <strong>proc\u00e9dures de pr\u00e9s\u00e9lection et d\u2019investiture<\/strong> des candidats du parti \u00e0 l\u2019\u00e9lection des d\u00e9put\u00e9s et des conseillers municipaux, le 9 f\u00e9vrier 2020 au Cameroun.<\/p>\n<p>L\u2019on apprend ainsi qu\u2019en relation avec la base des militants, les op\u00e9rations y relatives seront conduites par le <strong>Comit\u00e9 central<\/strong> du RDPC, <em>\u00ab\u00a0dans un esprit d\u2019ouverture, de maturit\u00e9 politique et de recherche de consensus\u00a0\u00bb<\/em>. Pour ce qui est des l\u00e9gislatives, une commission centrale d\u2019investiture est cr\u00e9\u00e9e au si\u00e8ge du parti, sis au Palais des Congr\u00e8s de Yaound\u00e9, avec \u00e0 sa t\u00eate <strong>Jean Nkuete<\/strong>, secr\u00e9taire g\u00e9n\u00e9ral du RDPC. Cette instance va chapeauter les commissions r\u00e9gionales de contr\u00f4le et de supervision et les commissions d\u00e9partementales de pr\u00e9s\u00e9lection. Un organigramme qui change quelque peu dans le cas des municipales puisqu\u2019il faut ajouter la commission communale de pr\u00e9s\u00e9lection.<\/p>\n<p>Attendues durant plusieurs jours apr\u00e8s la convocation du corps \u00e9lectoral par le pr\u00e9sident de la R\u00e9publique, ces circulaires du pr\u00e9sident du RDPC semblent avoir cr\u00e9\u00e9 des avis contradictoires dans les rangs du parti. Il y a notamment des grincements de dents de la part de ceux qui estiment que le fait de passer par les investitures ne va pas favoriser un v\u00e9ritable <strong>renouvellement<\/strong> des ressources humaines au sein de l\u2019\u00e9lite de cette formation politique.<\/p>\n<p>D\u2019aucuns estiment en effet que la m\u00e9thode favorise \u00ab\u00a0les gros poissons\u00a0\u00bb, qui feront les pieds et les mains pour garder leur h\u00e9g\u00e9monie sur les si\u00e8ges de d\u00e9put\u00e9s et les postes de maires, alors que peu sont proches de la base et des r\u00e9elles pr\u00e9occupations des populations. En r\u00e9alit\u00e9, ils n\u2019ont pas confiance aux instances charg\u00e9es de mener les investitures, m\u00eame si leur champion a donn\u00e9 des directives tendant \u00e0 favoriser l\u2019\u00e9mergence d\u2019une <strong>nouvelle classe politique<\/strong> au sein du parti.<\/p>\n<p><strong>Paul Biya<\/strong> a en effet demand\u00e9 <em>\u00ab\u00a0d\u2019encourager l\u2019\u00e9mergence de nouvelles figures, notamment dans le cas des candidats b\u00e9n\u00e9ficiant de la retraite parlementaire\u00a0\u00bb<\/em>. En clair, les \u00e9lus du peuple sous la casquette du RDPC, qui\u00a0 sont aux affaires depuis des d\u00e9cennies, devraient penser \u00e0 lib\u00e9rer le plancher. Cette disposition de la circulaire de Paul Biya nous rappelle en effet que nombreux sont les d\u00e9put\u00e9s qui ont, non seulement un \u00e2ge tr\u00e8s avanc\u00e9, mais \u00e9galement sont \u00e0 l\u2019h\u00e9micycle de Ngoa-Ekelle depuis trop longtemps d\u00e9j\u00e0. A commencer par Cavay\u00e9 Yegui\u00e9 Djibril, pr\u00e9sident de l\u2019Assembl\u00e9e nationale depuis 1992 (soit 27 ans) et d\u00e9put\u00e9 de la Nation depuis les ann\u00e9es 1970. Pour de nombreux analystes, cette disposition ouvre donc la voie du d\u00e9part \u00e0 la retraite de nombreux parlementaires du RDPC. A condition que les caciques, qui ont parfois des affinit\u00e9s avec les membres des commissions mises en place par le Comit\u00e9 central, ne passent entre les mailles du filet.<\/p>\n<div class=\"awac-wrapper awac widget blog_subscription-2\">\n<h4 class=\"widget-title\">Abonnez-vous \u00e0 notre lettre d&rsquo;information<\/h4>\n<\/div>\n<p>Auteur: EcoMatin<br \/>\n<a href=\"https:\/\/ecomatin.net\/paul-biya-impose-de-nouveau-les-investitures-aux-militants-du-rdpc\/\">Cliquez ici pour lire l&rsquo;article depuis sa source.<\/a><\/p>\n","protected":false},"excerpt":{"rendered":"<p>Comme en 2013, la d\u00e9signation des candidats du Rassemblement d\u00e9mocratique du peuple camerounais (RDPC) va se faire de mani\u00e8re horizontale, et non par la base. Ainsi en a d\u00e9cid\u00e9 la hi\u00e9rarchie du parti au pouvoir. A travers deux circulaires sign\u00e9es le 15 novembre 2019, le pr\u00e9sident du RDPC, Paul Biya, a fix\u00e9 les modalit\u00e9s et [&hellip;]<\/p>\n","protected":false},"author":1969,"featured_media":0,"comment_status":"closed","ping_status":"closed","sticky":false,"template":"","format":"standard","meta":{"fifu_image_url":"","fifu_image_alt":"","footnotes":""},"categories":[82,78],"tags":[],"class_list":["post-67899","post","type-post","status-publish","format-standard","hentry","category-cameroun","category-economie"],"_links":{"self":[{"href":"https:\/\/linitiative.ca\/International\/wp-json\/wp\/v2\/posts\/67899","targetHints":{"allow":["GET"]}}],"collection":[{"href":"https:\/\/linitiative.ca\/International\/wp-json\/wp\/v2\/posts"}],"about":[{"href":"https:\/\/linitiative.ca\/International\/wp-json\/wp\/v2\/types\/post"}],"author":[{"embeddable":true,"href":"https:\/\/linitiative.ca\/International\/wp-json\/wp\/v2\/users\/1969"}],"replies":[{"embeddable":true,"href":"https:\/\/linitiative.ca\/International\/wp-json\/wp\/v2\/comments?post=67899"}],"version-history":[{"count":0,"href":"https:\/\/linitiative.ca\/International\/wp-json\/wp\/v2\/posts\/67899\/revisions"}],"wp:attachment":[{"href":"https:\/\/linitiative.ca\/International\/wp-json\/wp\/v2\/media?parent=67899"}],"wp:term":[{"taxonomy":"category","embeddable":true,"href":"https:\/\/linitiative.ca\/International\/wp-json\/wp\/v2\/categories?post=67899"},{"taxonomy":"post_tag","embeddable":true,"href":"https:\/\/linitiative.ca\/International\/wp-json\/wp\/v2\/tags?post=67899"}],"curies":[{"name":"wp","href":"https:\/\/api.w.org\/{rel}","templated":true}]}}