{"id":67900,"date":"2019-11-18T11:30:00","date_gmt":"2019-11-18T16:30:00","guid":{"rendered":"https:\/\/linitiative.ca\/International\/des-coalitions-annoncees-au-sein-de-lopposition-en-vue-des-elections-locales\/"},"modified":"2019-11-18T11:30:00","modified_gmt":"2019-11-18T16:30:00","slug":"des-coalitions-annoncees-au-sein-de-lopposition-en-vue-des-elections-locales","status":"publish","type":"post","link":"https:\/\/linitiative.ca\/International\/des-coalitions-annoncees-au-sein-de-lopposition-en-vue-des-elections-locales\/","title":{"rendered":"Des coalitions annonc\u00e9es au sein de l\u2019opposition en vue des \u00e9lections locales"},"content":{"rendered":"<p>Dans un contexte marqu\u00e9 par une foultitude de d\u00e9saccords au sein de l\u2019opposition camerounaise, le fait est assez nouveau pour \u00eatre relev\u00e9. Depuis quelques jours, des formations politiques de l\u2019opposition ont entrepris des d\u00e9marches afin de coaliser leurs forces dans le cadre des \u00e9lections l\u00e9gislatives et municipales du 9 f\u00e9vrier 2020. L\u2019une des formations politiques les plus en vue dans cette d\u00e9marche est le Parti camerounais pour la r\u00e9conciliation nationale (<strong>PCRN<\/strong>). Pas moins de trois coalitions seraient d\u00e9j\u00e0 acquises ou en cours de finalisation dans plusieurs circonscriptions \u00e9lectorales du pays.<\/p>\n<p>Selon <strong>Cabral Libii<\/strong>, pr\u00e9sident du PCRN, une mutualisation a \u00e9t\u00e9 conclue avec l\u2019Union d\u00e9mocratique du Cameroun (<strong>UDC<\/strong>) pour briguer les trois si\u00e8ges de d\u00e9put\u00e9s du Wouri centre. La liste commune sera port\u00e9e par <strong>Cyrille Sam Mbaka<\/strong>, vice-pr\u00e9sident de l\u2019UDC, apprend-on du PCRN qui se f\u00e9licite du travail effectu\u00e9 par son pr\u00e9sident du comit\u00e9 d\u2019arrondissement de Douala 1<sup>er<\/sup>. A Yaound\u00e9, le PCRN serait \u00e9galement en pourparlers avec le parti Croire au Cameroun (<strong>CRAC<\/strong>), dont le leader est <strong>Bernard Njonga<\/strong>. Les deux formations politiques devraient pr\u00e9senter une liste pour partir \u00e0 la conqu\u00eate du conseil municipal de Yaound\u00e9 4<sup>e<\/sup> (<strong>Ekounou<\/strong>). Il existe \u00e9galement des possibilit\u00e9s pour que le PCRN s\u2019associe \u00e0 l\u2019Union des populations du Cameroun (<strong>UPC<\/strong>) dans le Nyong et Kelle (<strong>Eseka<\/strong>).<\/p>\n<p>D\u2019autres leaders politiques se disent dispos\u00e9s \u00e0 lancer leurs partis dans cette mutualisation des forces de l\u2019opposition. C\u2019est le cas de l\u2019Alliance des forces progressistes (<strong>AFP<\/strong>), dirig\u00e9e par <strong>Alice Sadjio<\/strong> depuis le d\u00e9c\u00e8s du fondateur <strong>Bernard Muna<\/strong>, qui a annonc\u00e9 au terme d\u2019une r\u00e9union tenue le 13 novembre \u00eatre <em>\u00ab\u00a0ouvert, comme par le pass\u00e9, \u00e0 toutes d\u00e9marches de jonction des forces de l\u2019opposition au cours de ces \u00e9lections, dans un partenariat gagnant-gagnant\u2026\u00a0\u00bb<\/em> C\u2019est le m\u00eame \u00e9tat d\u2019esprit au sein du Peuple uni pour la r\u00e9novation sociale (<strong>PURS<\/strong>) qui, sous la houlette de son Premier secr\u00e9taire, <strong>Serge Espoir Matomba<\/strong>, appelle \u00e0 la coalition des forces de l\u2019opposition.<\/p>\n<p>Pour l\u2019instant, les autres formations politiques de l\u2019opposition sont d\u00e9termin\u00e9es \u00e0 faire cavalier seul, convaincues de leurs chances de r\u00e9ussite en solo. C\u2019est le cas du Mouvement pour la reconnaissance du Cameroun (<strong>MRC<\/strong>) qui, fort du score de son pr\u00e9sident <strong>Maurice Kamto<\/strong> lors de la derni\u00e8re \u00e9lection pr\u00e9sidentielle, estime qu\u2019il n\u2019a pas besoin de coaliser avec une autre formation politique pour battre le RDPC dans certaines circonscriptions \u00e9lectorales. Le parti s\u2019est content\u00e9 de lancer un appel \u00e0 candidatures afin que ses militants et sympathisants puissent manifester leur volont\u00e9 de briguer les postes de conseillers municipaux ou de d\u00e9put\u00e9s. Au-demeurant, les principales forces de l\u2019opposition, comme le Social democratic front (<strong>SDF<\/strong>) ou l\u2019Union nationale pour la d\u00e9mocratie et le progr\u00e8s (<strong>UNDP<\/strong>), restent encore peu enclines \u00e0 la mutualisation, \u00e0 moins d\u2019une semaine de la date butoir des d\u00e9p\u00f4ts des dossiers aupr\u00e8s d\u2019Elections Cameroon (<strong>ELECAM<\/strong>).<\/p>\n<div class=\"awac-wrapper awac widget blog_subscription-2\">\n<h4 class=\"widget-title\">Abonnez-vous \u00e0 notre lettre d&rsquo;information<\/h4>\n<\/div>\n<p>Auteur: EcoMatin<br \/>\n<a href=\"https:\/\/ecomatin.net\/des-coalitions-annoncees-au-sein-de-lopposition-en-vue-des-elections-locales\/\">Cliquez ici pour lire l&rsquo;article depuis sa source.<\/a><\/p>\n","protected":false},"excerpt":{"rendered":"<p>Dans un contexte marqu\u00e9 par une foultitude de d\u00e9saccords au sein de l\u2019opposition camerounaise, le fait est assez nouveau pour \u00eatre relev\u00e9. Depuis quelques jours, des formations politiques de l\u2019opposition ont entrepris des d\u00e9marches afin de coaliser leurs forces dans le cadre des \u00e9lections l\u00e9gislatives et municipales du 9 f\u00e9vrier 2020. L\u2019une des formations politiques [&hellip;]<\/p>\n","protected":false},"author":1969,"featured_media":0,"comment_status":"closed","ping_status":"closed","sticky":false,"template":"","format":"standard","meta":{"fifu_image_url":"","fifu_image_alt":"","footnotes":""},"categories":[82,78],"tags":[],"class_list":["post-67900","post","type-post","status-publish","format-standard","hentry","category-cameroun","category-economie"],"_links":{"self":[{"href":"https:\/\/linitiative.ca\/International\/wp-json\/wp\/v2\/posts\/67900","targetHints":{"allow":["GET"]}}],"collection":[{"href":"https:\/\/linitiative.ca\/International\/wp-json\/wp\/v2\/posts"}],"about":[{"href":"https:\/\/linitiative.ca\/International\/wp-json\/wp\/v2\/types\/post"}],"author":[{"embeddable":true,"href":"https:\/\/linitiative.ca\/International\/wp-json\/wp\/v2\/users\/1969"}],"replies":[{"embeddable":true,"href":"https:\/\/linitiative.ca\/International\/wp-json\/wp\/v2\/comments?post=67900"}],"version-history":[{"count":0,"href":"https:\/\/linitiative.ca\/International\/wp-json\/wp\/v2\/posts\/67900\/revisions"}],"wp:attachment":[{"href":"https:\/\/linitiative.ca\/International\/wp-json\/wp\/v2\/media?parent=67900"}],"wp:term":[{"taxonomy":"category","embeddable":true,"href":"https:\/\/linitiative.ca\/International\/wp-json\/wp\/v2\/categories?post=67900"},{"taxonomy":"post_tag","embeddable":true,"href":"https:\/\/linitiative.ca\/International\/wp-json\/wp\/v2\/tags?post=67900"}],"curies":[{"name":"wp","href":"https:\/\/api.w.org\/{rel}","templated":true}]}}