{"id":67903,"date":"2019-11-19T09:00:03","date_gmt":"2019-11-19T14:00:03","guid":{"rendered":"https:\/\/linitiative.ca\/International\/le-conseil-provincial-de-tiznit-diversifie-ses-outils-de-marketing-territorial\/"},"modified":"2019-11-19T09:00:03","modified_gmt":"2019-11-19T14:00:03","slug":"le-conseil-provincial-de-tiznit-diversifie-ses-outils-de-marketing-territorial","status":"publish","type":"post","link":"https:\/\/linitiative.ca\/International\/le-conseil-provincial-de-tiznit-diversifie-ses-outils-de-marketing-territorial\/","title":{"rendered":"Le conseil provincial de Tiznit diversifie  ses outils de marketing territorial"},"content":{"rendered":"<p><img decoding=\"async\" class=\"post_layout_5_img\" src=\"http:\/\/aujourdhui.ma\/wp-content\/uploads\/2019\/11\/champion-du-monde-WBC-Nordine-Oubaali-Tiznit-marketing-territorial.jpg?x29840\" alt=\"Le conseil provincial de Tiznit diversifie ses outils de marketing territorial\"\/><\/p>\n<p class=\"p1\"><span class=\"c4\"><strong><em>En associant l\u2019image de la province au triple champion du monde WBC Nordine Oubaali<\/em><\/strong><\/span><span id=\"more-323859\"\/><\/p>\n<p class=\"p1\"><span class=\"s1\">Le triple champion du monde WBC Nordine Oubaali a effectu\u00e9 le week-end dernier une visite \u00e0 Tiznit et Tafrout pour donner le coup d\u2019envoi de deux projets vitaux d\u2019une valeur totale de 2 millions DH et qui sont le fruit d\u2019une synergie entre toutes les composantes institutionnelles, civiles et entrepreneuriales de la province.<\/span><\/p>\n<p class=\"p1\"><span class=\"s1\">Lanc\u00e9s en pr\u00e9sence de Hassan Khalil, gouverneur de la province de Tiznit, ces deux projets parrain\u00e9s par le champion du monde Oubaali sont d\u2019un co\u00fbt total de deux millions de dirhams et sont pris en charge dans un cadre de partenariat avec le conseil provincial de Tiznit, la Fondation Joud pour le d\u00e9veloppement, la soci\u00e9t\u00e9 Atlass Peintures, l\u2019association Maison de Tafraout et deux associations villageoises Taghdicht et Aguerd Ouabdi.<\/span><\/p>\n<p class=\"p1\"><span class=\"s1\">Le premier porte sur le creusement d\u2019un fourrage pour l\u2019alimentation en eau potable de la population du village Aguerd ou Abdi, Cercle Anzi et qui devra b\u00e9n\u00e9ficier \u00e0 plus de 800 personnes, alors que le second est destin\u00e9 aux habitants du village Taghdicht commune d\u2019Ammelne-<span class=\"Apple-converted-space\">\u00a0<\/span> Tafraout et qui b\u00e9n\u00e9ficiera \u00e0 400 personnes.<\/span><\/p>\n<p class=\"p1\"><span class=\"s1\">Cette visite du triple champion du monde intervient suite \u00e0 une invitation du conseil provincial de Tiznit, et ce pour assurer le rayonnement de la province de Tiznit \u00e0 travers une nouvelle approche du marketing territorial en l\u2019associant \u00e0 de grands sportifs pour communiquer une image refl\u00e9tant les potentialit\u00e9s et valorisant les valeurs humaines et solidaires. Elle traduit sur le terrain une volont\u00e9 conjointe de mettre cette image en lien avec le<span class=\"Apple-converted-space\">\u00a0<\/span> nom d\u2019un champion du monde, qui repr\u00e9sente une r\u00e9f\u00e9rence de challenge et de pers\u00e9v\u00e9rance.<\/span><\/p>\n<p class=\"p1\"><span class=\"s1\"><em>\u00abLe conseil provincial de Tiznit a eu l\u2019honneur d\u2019accueillir et d\u2019accompagner le passage solidaire et communicatif du triple champion du monde du boxe WBC Nordine Oubaali, originaire de la r\u00e9gion du Souss-Massa. On a tenu \u00e0 l\u2019accueillir \u00e0 Taghdicht situ\u00e9e \u00e0 deux mille m\u00e8tres d\u2019altitude pour mettre de tels villages dans le centre de cette op\u00e9ration de communication avec un \u00e9lan de d\u00e9veloppement et de solidarit\u00e9, et de beaucoup d\u2019humanisme. C\u2019est l\u2019une des rares fois o\u00f9 l\u2019occasion nous est offerte pour accueillir un champion du monde et autour de lui tout un paysage institutionnel et civil, et qui sont r\u00e9unis autour d\u2019une cause tr\u00e8s noble<\/em>\u00bb, explique Abdellah Ghazi, pr\u00e9sident du conseil provincial de Tiznit, lors d\u2019une conf\u00e9rence de presse tenue \u00e0 Taghdicht.<\/span><\/p>\n<p class=\"p1\"><span class=\"s1\">Et de poursuivre que <em>\u00abla philosophie de solidarit\u00e9 est pr\u00e9sente avec une logique de gagnant-gagnant, le champion est l\u00e0 pour un acte de solidarit\u00e9 et pour communiquer autour de sa victoire et son succ\u00e8s, mais pour nous aussi en tant qu\u2019acteurs territoriaux on a l\u2019obligation de faire ce marketing de nos territoires, l\u2019associer \u00e0 un champion c\u2019est l\u2019id\u00e9al pour dire \u00e0 tout le monde que notre province vaut le d\u00e9tour et que c\u2019est un territoire plein d\u2019\u00e9nergie\u00bb.<\/em> Notons qu\u2019Oubaali est n\u00e9 en 1986 \u00e0 Lens en France, il a \u00e9t\u00e9 champion de France de boxe \u00e9ducative et champion de France junior, cinq fois champion de France des mi-mouches, de 2006 \u00e0 2010, il est membre de l\u2019\u00e9quipe de France, m\u00e9daill\u00e9 de bronze aux championnats d\u2019Europe en 2005, du monde en 2007 et des championnats de l\u2019Union europ\u00e9enne en 2007, m\u00e9daill\u00e9 d\u2019or aux Jeux de la francophonie en 2005 et aux Jeux m\u00e9diterran\u00e9ens en 2009, il est rompu aux tournois internationaux, il a particip\u00e9 aux Jeux olympiques (9e \u00e0 P\u00e9kin) et a remport\u00e9 la Coupe d\u2019Europe -Ukraine en 2010.<\/span><\/p>\n<p class=\"p1\"><span class=\"s1\">En 2014 Marrakech a abrit\u00e9 son premier combat professionnel, il a couronn\u00e9 successivement son palmar\u00e8s par les ceintures du champion de France poids coqs (2015), Champion WBA Intercontinental poids coq (2016), Champion WBC Silver poids coqs (2017) et triple champion du monde poids coqs WBC (2019).<\/span><\/p>\n<p class=\"p1\"><span class=\"s1\"><em>\u00abJe suis tr\u00e8s heureux d\u2019\u00eatre ici, et j\u2019ai \u00e9t\u00e9 surpris par l\u2019accueil qui m\u2019a \u00e9t\u00e9 r\u00e9serv\u00e9, surtout qu\u2019on ressent ici la ferveur autour de ma victoire, et je suis tr\u00e8s fier de la partager ici avec les habitants de la r\u00e9gion. Pour moi ramener l\u2019eau \u00e0 ces villages est tr\u00e8s important, d\u2019ailleurs l\u2019eau c\u2019est la vie, et c\u2019est un honneur de pouvoir rassembler tous ces acteurs. Cette visite vient \u00e9galement pour dire aux jeunes que tout est possible, et qu\u2019il faut toujours croire en ses r\u00eaves\u00bb,<\/em> souligne Oubaali.<\/span><\/p>\n<p class=\"p1\"><span class=\"s1\">Dans son retour aux sources dans son pays d\u2019origine, Oubaali ambitionne de transmettre et partager sa passion ainsi que les valeurs fortes qu\u2019il a pu acqu\u00e9rir durant son parcours exceptionnel.<\/span><\/p>\n<div class=\"base-box mom_box_sc_custom mom_box_sc clear c6\" readability=\"30\">\n<p class=\"p1\"><span class=\"s1 c5\"><strong>C\u00e9r\u00e9monie \u00e0 Casablanca en hommage \u00e0 Oubaali<\/strong><\/span><\/p>\n<p class=\"p1\"><span class=\"s1\"><a href=\"http:\/\/aujourdhui.ma\/wp-content\/uploads\/2019\/11\/champion-du-monde-WBC-Nordine-Oubaali.jpg?x29840\"><img loading=\"lazy\" decoding=\"async\" class=\"wp-image-323868 alignleft\" src=\"http:\/\/aujourdhui.ma\/wp-content\/uploads\/2019\/11\/champion-du-monde-WBC-Nordine-Oubaali.jpg?x29840\" alt=\"\" width=\"423\" height=\"215\" srcset=\"http:\/\/aujourdhui.ma\/wp-content\/uploads\/2019\/11\/champion-du-monde-WBC-Nordine-Oubaali.jpg 746w, http:\/\/aujourdhui.ma\/wp-content\/uploads\/2019\/11\/champion-du-monde-WBC-Nordine-Oubaali-300x153.jpg 300w\" sizes=\"auto, (max-width: 423px) 100vw, 423px\"\/><\/a>La F\u00e9d\u00e9ration royale marocaine de boxe (FRMB) a organis\u00e9, vendredi soir \u00e0 Casablanca, une c\u00e9r\u00e9monie en hommage au triple champion du monde des poids coqs WBC (World Boxing Council), Nordine Oubaali, \u00e0 laquelle ont pris part des membres de l\u2019\u00e9quipe nationale de boxe et des champions marocains dans diff\u00e9rentes disciplines.<\/span><\/p>\n<p class=\"p1\"><span class=\"s1\">Nordine Oubaali est un mod\u00e8le \u00e0 suivre pour les jeunes marocains qui se projettent dans l\u2019avenir, aspirent \u00e0 r\u00e9aliser aussi des exploits et obtenir des m\u00e9dailles dans diff\u00e9rentes disciplines sportives, a soulign\u00e9 le vice-pr\u00e9sident de la FRMB, Mohamed Mahjoubi, lors de cette c\u00e9r\u00e9monie. M. Mahjoubi a fait observer que la F\u00e9d\u00e9ration encourage et supporte tous les sportifs qui ont un talent et qui peuvent r\u00e9aliser les r\u00e9sultats escompt\u00e9s, ajoutant que Oubaali <em>\u00abest l\u2019exemple du Marocain fier de ses origines et qui porte sa patrie dans son coeur\u00bb.<\/em><\/span><\/p>\n<p class=\"p1\"><span class=\"s1\">De son c\u00f4t\u00e9, Oubaali s\u2019est dit \u00abfier\u00bb de pouvoir partager sa victoire avec les sportifs et le public marocains.<\/span><\/p>\n<\/div>\n<p>Auteur: Mohamed Laabid<br \/>\n<a href=\"http:\/\/aujourdhui.ma\/societe\/le-conseil-provincial-de-tiznit-diversifie-ses-outils-de-marketing-territorial\">Cliquez ici pour lire l&rsquo;article depuis sa source.<\/a><\/p>\n","protected":false},"excerpt":{"rendered":"<p>En associant l\u2019image de la province au triple champion du monde WBC Nordine Oubaali Le triple champion du monde WBC Nordine Oubaali a effectu\u00e9 le week-end dernier une visite \u00e0 Tiznit et Tafrout pour donner le coup d\u2019envoi de deux projets vitaux d\u2019une valeur totale de 2 millions DH et qui sont le fruit d\u2019une [&hellip;]<\/p>\n","protected":false},"author":1759,"featured_media":0,"comment_status":"closed","ping_status":"closed","sticky":false,"template":"","format":"standard","meta":{"fifu_image_url":"","fifu_image_alt":"","footnotes":""},"categories":[73,54],"tags":[],"class_list":["post-67903","post","type-post","status-publish","format-standard","hentry","category-actualite","category-maroc"],"_links":{"self":[{"href":"https:\/\/linitiative.ca\/International\/wp-json\/wp\/v2\/posts\/67903","targetHints":{"allow":["GET"]}}],"collection":[{"href":"https:\/\/linitiative.ca\/International\/wp-json\/wp\/v2\/posts"}],"about":[{"href":"https:\/\/linitiative.ca\/International\/wp-json\/wp\/v2\/types\/post"}],"author":[{"embeddable":true,"href":"https:\/\/linitiative.ca\/International\/wp-json\/wp\/v2\/users\/1759"}],"replies":[{"embeddable":true,"href":"https:\/\/linitiative.ca\/International\/wp-json\/wp\/v2\/comments?post=67903"}],"version-history":[{"count":0,"href":"https:\/\/linitiative.ca\/International\/wp-json\/wp\/v2\/posts\/67903\/revisions"}],"wp:attachment":[{"href":"https:\/\/linitiative.ca\/International\/wp-json\/wp\/v2\/media?parent=67903"}],"wp:term":[{"taxonomy":"category","embeddable":true,"href":"https:\/\/linitiative.ca\/International\/wp-json\/wp\/v2\/categories?post=67903"},{"taxonomy":"post_tag","embeddable":true,"href":"https:\/\/linitiative.ca\/International\/wp-json\/wp\/v2\/tags?post=67903"}],"curies":[{"name":"wp","href":"https:\/\/api.w.org\/{rel}","templated":true}]}}