{"id":67904,"date":"2019-11-19T09:23:00","date_gmt":"2019-11-19T14:23:00","guid":{"rendered":"https:\/\/linitiative.ca\/International\/hult-prize-couronne-son-laureat-le-7-decembre\/"},"modified":"2019-11-19T09:23:00","modified_gmt":"2019-11-19T14:23:00","slug":"hult-prize-couronne-son-laureat-le-7-decembre","status":"publish","type":"post","link":"https:\/\/linitiative.ca\/International\/hult-prize-couronne-son-laureat-le-7-decembre\/","title":{"rendered":"Hult Prize couronne son laur\u00e9at le 7 d\u00e9cembre"},"content":{"rendered":"<header>\n<div class=\"entry-post-meta\">\n<div class=\"author-link\">Publi\u00e9 par <a itemprop=\"author\" itemscope=\"\" itemtype=\"https:\/\/schema.org\/Person\" href=\"http:\/\/aujourdhui.ma\/author\/kaid\" rel=\"author\"><span itemprop=\"name\">ALM<\/span><\/a><\/div>\n<p>Date\u00a0:<time content=\"2019-11-19T15:23:00+00:00\" class=\"entry-date updated\" datetime=\"2019-11-19T15:23:00+00:00\">novembre 19, 2019<\/time><\/p>\n<div class=\"entry-cat\">dans:<a href=\"http:\/\/aujourdhui.ma\/category\/emploi\/formation\" rel=\"category tag\">Formation<\/a><\/div>\n<p>0 Vues<\/p>\n<\/div>\n<\/header>\n<div class=\"entry-content clearfix\" readability=\"58\"><img decoding=\"async\" class=\"post_layout_5_img\" src=\"http:\/\/aujourdhui.ma\/wp-content\/uploads\/2019\/11\/Hult-Prize.jpg?x29840\" alt=\"Hult Prize couronne son laur\u00e9at le 7 d\u00e9cembre\"\/><\/p>\n<p class=\"p1\"><span class=\"c4\"><strong><span class=\"s1\">La comp\u00e9tition fait dans\u00a0<\/span><span class=\"s1\">l\u2019entrepreneuriat social<\/span><\/strong><\/span><span id=\"more-323908\"\/><\/p>\n<p class=\"p1\"><span class=\"s1\">Le grand jour de l\u2019\u00e9v\u00e9nement Hult Prize, 1\u00e8re comp\u00e9tition estudiantine d\u2019entrepreneuriat social au niveau mondial, est programm\u00e9 pour le 7 d\u00e9cembre.<\/span><\/p>\n<p class=\"p1\"><span class=\"s1\">L\u2019objectif de cette comp\u00e9tition, qui s\u2019est install\u00e9e \u00e0 Rabat au titre de l\u2019ann\u00e9e universitaire 2019-2020, \u00e9tant, selon les initiateurs, d\u2019offrir aux \u00e9tudiants de l\u2019Universit\u00e9 Mohammed V <em>\u00abl\u2019occasion de faire part de leur cr\u00e9ativit\u00e9 et de leur esprit d\u2019entrepreneuriat social, afin de contribuer au d\u00e9veloppement et \u00e0 l\u2019\u00e9volution du monde\u00bb<\/em>. Cette comp\u00e9tition, qui s\u2019est install\u00e9e il y a 3 ans au Maroc, Prize est en son \u00e9dition inaugurale au sein de l\u2019Universit\u00e9 Mohammed V.<\/span><\/p>\n<p class=\"p1\"><span class=\"s1\">Ainsi, Hult Prize UM5 cible, selon la m\u00eame source, <em>\u00abtous les \u00e9tudiants et enseignants de l\u2019Universit\u00e9 Mohammed V ainsi que le grand public int\u00e9ress\u00e9 par l\u2019entrepreneuriat social. \u00abLe principe de la comp\u00e9tition est d\u2019\u00e9laborer une id\u00e9e de projet en solution \u00e0 un probl\u00e8me d\u2019ordre social. Un million de dollars est accord\u00e9 au gagnant en capital d\u2019amor\u00e7age pour lancer sa start-up\u00bb,<\/em> d\u00e9taillent les organisateurs.<\/span><\/p>\n<\/div>\n<p>Auteur: ALM<br \/>\n<a href=\"http:\/\/aujourdhui.ma\/emploi\/formation\/hult-prize-couronne-son-laureat-le-7-decembre\">Cliquez ici pour lire l&rsquo;article depuis sa source.<\/a><\/p>\n","protected":false},"excerpt":{"rendered":"<p>Publi\u00e9 par ALM Date\u00a0:novembre 19, 2019 dans:Formation 0 Vues La comp\u00e9tition fait dans\u00a0l\u2019entrepreneuriat social Le grand jour de l\u2019\u00e9v\u00e9nement Hult Prize, 1\u00e8re comp\u00e9tition estudiantine d\u2019entrepreneuriat social au niveau mondial, est programm\u00e9 pour le 7 d\u00e9cembre. L\u2019objectif de cette comp\u00e9tition, qui s\u2019est install\u00e9e \u00e0 Rabat au titre de l\u2019ann\u00e9e universitaire 2019-2020, \u00e9tant, selon les initiateurs, d\u2019offrir [&hellip;]<\/p>\n","protected":false},"author":1759,"featured_media":0,"comment_status":"closed","ping_status":"closed","sticky":false,"template":"","format":"standard","meta":{"fifu_image_url":"","fifu_image_alt":"","footnotes":""},"categories":[73,54],"tags":[],"class_list":["post-67904","post","type-post","status-publish","format-standard","hentry","category-actualite","category-maroc"],"_links":{"self":[{"href":"https:\/\/linitiative.ca\/International\/wp-json\/wp\/v2\/posts\/67904","targetHints":{"allow":["GET"]}}],"collection":[{"href":"https:\/\/linitiative.ca\/International\/wp-json\/wp\/v2\/posts"}],"about":[{"href":"https:\/\/linitiative.ca\/International\/wp-json\/wp\/v2\/types\/post"}],"author":[{"embeddable":true,"href":"https:\/\/linitiative.ca\/International\/wp-json\/wp\/v2\/users\/1759"}],"replies":[{"embeddable":true,"href":"https:\/\/linitiative.ca\/International\/wp-json\/wp\/v2\/comments?post=67904"}],"version-history":[{"count":0,"href":"https:\/\/linitiative.ca\/International\/wp-json\/wp\/v2\/posts\/67904\/revisions"}],"wp:attachment":[{"href":"https:\/\/linitiative.ca\/International\/wp-json\/wp\/v2\/media?parent=67904"}],"wp:term":[{"taxonomy":"category","embeddable":true,"href":"https:\/\/linitiative.ca\/International\/wp-json\/wp\/v2\/categories?post=67904"},{"taxonomy":"post_tag","embeddable":true,"href":"https:\/\/linitiative.ca\/International\/wp-json\/wp\/v2\/tags?post=67904"}],"curies":[{"name":"wp","href":"https:\/\/api.w.org\/{rel}","templated":true}]}}