{"id":67905,"date":"2019-11-19T09:45:40","date_gmt":"2019-11-19T14:45:40","guid":{"rendered":"https:\/\/linitiative.ca\/International\/mounire-trifess-notre-modele-pedagogique-est-ne-dune-hybridation-de-lexigence-academique-et-du-besoin-sur-le-marche\/"},"modified":"2019-11-19T09:45:40","modified_gmt":"2019-11-19T14:45:40","slug":"mounire-trifess-notre-modele-pedagogique-est-ne-dune-hybridation-de-lexigence-academique-et-du-besoin-sur-le-marche","status":"publish","type":"post","link":"https:\/\/linitiative.ca\/International\/mounire-trifess-notre-modele-pedagogique-est-ne-dune-hybridation-de-lexigence-academique-et-du-besoin-sur-le-marche\/","title":{"rendered":"Mounire Trifess : \u00abNotre mod\u00e8le p\u00e9dagogique est n\u00e9 d\u2019une hybridation de l\u2019exigence acad\u00e9mique et du besoin sur le march\u00e9\u00bb"},"content":{"rendered":"<p><img decoding=\"async\" class=\"post_layout_5_img\" src=\"http:\/\/aujourdhui.ma\/wp-content\/uploads\/2019\/11\/Mounir-Trifess-EDGE-Business-School.jpg?x29840\" alt=\"Mounire Trifess : \u00abNotre mod\u00e8le p\u00e9dagogique est n\u00e9 d\u2019une hybridation de l\u2019exigence acad\u00e9mique et du besoin sur le march\u00e9\u00bb\"\/><\/p>\n<p class=\"p1\"><span class=\"c4\"><strong><span class=\"s1\">Entretien avec Mounire Trifess, d<\/span><em>irecteur g\u00e9n\u00e9ral de EDGE Business School<\/em><\/strong><\/span><span id=\"more-323889\"\/><\/p>\n<div class=\"base-box mom_box_sc_custom mom_box_sc clear c6\" readability=\"12\">\n<p><span class=\"c5\"><em><strong><span class=\"s1\">Fra\u00eechement ouverte au Maroc, EDGE Business School est venue se greffer \u00e0 l\u2019\u00e9cosyst\u00e8me national de l\u2019enseignement sup\u00e9rieur priv\u00e9. Con\u00e7u autour d\u2019un mod\u00e8le p\u00e9dagogique hybride alliant entre exigence acad\u00e9mique et besoin du march\u00e9 de l\u2019emploi, EDGE dote les \u00e9tudiants marocains d\u2019un savoir-faire transversal en conformit\u00e9 avec les standards internationaux. Mounire Trifess \u00e9tale la vision de EDGE et pr\u00e9sente ses fondements<\/span><\/strong><\/em><\/span><\/p>\n<\/div>\n<p class=\"p3\"><span class=\"s1\"><strong>ALM\u00a0: EDGE Business School op\u00e8re depuis cette rentr\u00e9e dans l\u2019\u00e9cosyst\u00e8me de l\u2019enseignement priv\u00e9 marocain. Quelles sont les principales motivations qui ont anim\u00e9 cette implantation au niveau national\u00a0?<\/strong><\/span><\/p>\n<p class=\"p3\"><span class=\"s1\"><strong>Mounire Trifess\u00a0:<\/strong> EDGE est la cons\u00e9cration d\u2019une longue r\u00e9flexion p\u00e9dagogique, sociale et conjoncturelle. EDGE \u00e9mane d\u2019une passion pour la formation \u00e0 laquelle actionnariat et direction g\u00e9n\u00e9rale adh\u00e8rent, d\u2019un constat social qui montre la difficult\u00e9 de la classe moyenne \u00e0 acc\u00e9der \u00e0 une formation de qualit\u00e9 \u00e0 prix ad\u00e9quat et d\u2019une conjoncture \u00e9conomique contraignante \u00e0 cons\u00e9quence visible sur le pouvoir d\u2019achat.<\/span><\/p>\n<p class=\"p3\"><span class=\"s1\"><strong>Par quoi se distingue votre mod\u00e8le p\u00e9dagogique\u00a0? Et quelle est l\u2019approche adopt\u00e9e par EBS\u00a0?<\/strong><\/span><\/p>\n<p class=\"p3\"><span class=\"s1\">Notre mod\u00e8le p\u00e9dagogique est n\u00e9 d\u2019une hybridation de l\u2019exigence acad\u00e9mique et du besoin sur le march\u00e9 de travail. Notre conformit\u00e9 aux standards internationaux de la formation ne nous emp\u00eache pas d\u2019\u00eatre \u00e0 l\u2019\u00e9coute et \u00e0 proximit\u00e9 des entreprises qui restent finalement le principal juge de notre activit\u00e9. C\u2019est dans cet esprit que notre p\u00e9dagogie repose sur deux principes majeurs. Primo, la \u00abpractisation\u00bb des enseignements en mettant l\u2019accent sur le savoir-faire et le d\u00e9cloisonnement des composantes de la formation pour d\u00e9velopper une r\u00e9flexion transversale chez nos \u00e9tudiants. Et secundo, la digitalisation des moyens et outils mis \u00e0 la disposition des formateurs et des \u00e9tudiants pour \u00eatre \u00e0 l\u2019\u00e8re du temps et surtout pour doter les apprenants de plus de temps pour mettre leurs comp\u00e9tences \u00e0 l\u2019\u00e9preuve de l\u2019analyse et de la synth\u00e8se.<\/span><\/p>\n<p class=\"p3\"><span class=\"s1\"><strong>Quelles sont les opportunit\u00e9s offertes aux \u00e9tudiants marocains\u00a0?<\/strong><\/span><\/p>\n<p class=\"p3\"><span class=\"s1\">EDGE est n\u00e9e d\u2019une r\u00e9flexion coh\u00e9rente et de ce fait ne peut \u00eatre en d\u00e9calage avec nos pr\u00e9occupations d\u2019excellence acad\u00e9mique et d\u2019employabilit\u00e9. C\u2019est pour cette raison que nous avons sign\u00e9 des conventions de partenariat avec des entreprises pour offrir des opportunit\u00e9s de stage th\u00e9matiques pour les \u00e9tudiants et de les exposer \u00e0 des probl\u00e9matiques de r\u00e9flexion exigeant la combinaison de plusieurs comp\u00e9tences, d\u2019o\u00f9 notre souci de transversalit\u00e9 des enseignements.<\/span><\/p>\n<p class=\"p3\"><span class=\"s1\">Aussi nos partenaires acad\u00e9miques des universit\u00e9s fran\u00e7aises nous permettent de donner une ouverture sur les nouveaut\u00e9s de la r\u00e9flexion p\u00e9dagogique, sur les possibilit\u00e9s d\u2019\u00e9changes \u00e9tudiants et professeurs et sur les questions de recherche scientifique.<\/span><\/p>\n<p class=\"p3\"><span class=\"s1\"><strong>Quelles sont vos perspectives de d\u00e9veloppement au Maroc\u00a0?<\/strong><\/span><\/p>\n<p class=\"p3\"><span class=\"s1\">Il est encore t\u00f4t pour parler de perspectives alors que nous sommes en train d\u2019asseoir un mod\u00e8le auquel nous donnerons toute notre \u00e9nergie. Notre focus reste celui de d\u00e9velopper et de faire conna\u00eetre ce que nous proposons en termes de comp\u00e9tences au march\u00e9 de l\u2019emploi et en termes de valeurs de citoyennet\u00e9 au projet Maroc.<\/span><\/p>\n<p>Auteur: ALM<br \/>\n<a href=\"http:\/\/aujourdhui.ma\/emploi\/formation\/mounire-trifess-notre-modele-pedagogique-est-ne-dune-hybridation-de-lexigence-academique-et-du-besoin-sur-le-marche\">Cliquez ici pour lire l&rsquo;article depuis sa source.<\/a><\/p>\n","protected":false},"excerpt":{"rendered":"<p>Entretien avec Mounire Trifess, directeur g\u00e9n\u00e9ral de EDGE Business School Fra\u00eechement ouverte au Maroc, EDGE Business School est venue se greffer \u00e0 l\u2019\u00e9cosyst\u00e8me national de l\u2019enseignement sup\u00e9rieur priv\u00e9. Con\u00e7u autour d\u2019un mod\u00e8le p\u00e9dagogique hybride alliant entre exigence acad\u00e9mique et besoin du march\u00e9 de l\u2019emploi, EDGE dote les \u00e9tudiants marocains d\u2019un savoir-faire transversal en conformit\u00e9 avec [&hellip;]<\/p>\n","protected":false},"author":1759,"featured_media":0,"comment_status":"closed","ping_status":"closed","sticky":false,"template":"","format":"standard","meta":{"fifu_image_url":"","fifu_image_alt":"","footnotes":""},"categories":[73,54],"tags":[],"class_list":["post-67905","post","type-post","status-publish","format-standard","hentry","category-actualite","category-maroc"],"_links":{"self":[{"href":"https:\/\/linitiative.ca\/International\/wp-json\/wp\/v2\/posts\/67905","targetHints":{"allow":["GET"]}}],"collection":[{"href":"https:\/\/linitiative.ca\/International\/wp-json\/wp\/v2\/posts"}],"about":[{"href":"https:\/\/linitiative.ca\/International\/wp-json\/wp\/v2\/types\/post"}],"author":[{"embeddable":true,"href":"https:\/\/linitiative.ca\/International\/wp-json\/wp\/v2\/users\/1759"}],"replies":[{"embeddable":true,"href":"https:\/\/linitiative.ca\/International\/wp-json\/wp\/v2\/comments?post=67905"}],"version-history":[{"count":0,"href":"https:\/\/linitiative.ca\/International\/wp-json\/wp\/v2\/posts\/67905\/revisions"}],"wp:attachment":[{"href":"https:\/\/linitiative.ca\/International\/wp-json\/wp\/v2\/media?parent=67905"}],"wp:term":[{"taxonomy":"category","embeddable":true,"href":"https:\/\/linitiative.ca\/International\/wp-json\/wp\/v2\/categories?post=67905"},{"taxonomy":"post_tag","embeddable":true,"href":"https:\/\/linitiative.ca\/International\/wp-json\/wp\/v2\/tags?post=67905"}],"curies":[{"name":"wp","href":"https:\/\/api.w.org\/{rel}","templated":true}]}}