{"id":67906,"date":"2019-11-19T10:28:27","date_gmt":"2019-11-19T15:28:27","guid":{"rendered":"https:\/\/linitiative.ca\/International\/hay-mohammadi-en-liesse-le-tas-realise-le-premier-exploit-de-son-histoire\/"},"modified":"2019-11-19T10:28:27","modified_gmt":"2019-11-19T15:28:27","slug":"hay-mohammadi-en-liesse-le-tas-realise-le-premier-exploit-de-son-histoire","status":"publish","type":"post","link":"https:\/\/linitiative.ca\/International\/hay-mohammadi-en-liesse-le-tas-realise-le-premier-exploit-de-son-histoire\/","title":{"rendered":"Hay Mohammadi en liesse : Le TAS r\u00e9alise le premier exploit de son histoire"},"content":{"rendered":"<p><img decoding=\"async\" class=\"post_layout_5_img\" src=\"http:\/\/aujourdhui.ma\/wp-content\/uploads\/2019\/11\/TAS-Coupe-du-Tro%CC%82ne.jpg?x29840\" alt=\"Hay Mohammadi en liesse : Le TAS r\u00e9alise le premier exploit de son histoire\"\/><\/p>\n<p class=\"p1\"><span class=\"c4\"><strong><span class=\"s1\">Le 18 novembre 2019 demeurera une date que le Tihad Athletic Sport marquera d\u2019une pierre blanche et dont il s\u2019en souviendra \u00e0 tout jamais.<\/span><\/strong><\/span> <span id=\"more-323918\"\/><\/p>\n<p class=\"p1\"><span class=\"c4\"><span class=\"s1 c5\">Normal lorsqu\u2019on sait que ce club embl\u00e9matique de Casablanca a remport\u00e9 en cette date le premier titre de son histoire, qui de plus est la prestigieuse Coupe du Tr\u00f4ne mettant un terme \u00e0 une interminable travers\u00e9e du d\u00e9sert marqu\u00e9e par des ann\u00e9es d\u2019oubli dans les bas-fonds de la D3.<\/span><\/span><\/p>\n<p class=\"p1\"><span class=\"s1\">Qui l\u2019e\u00fbt cru ! Cet exploit a fait sortir les supporters du TAS dans les rues de Casablanca. Mais pour une fois, les coups de klaxons et le rassemblement des supporters ne se sont pas faits \u00e0 Ain Diab, mais plut\u00f4t \u00e0 Derb Moulay Chrif, Dar Lamane, Derb Al Koudia, Assa\u00e2da et l\u2019ensemble du quartier mythique qu\u2019est Hay Mohammadi.<\/span><\/p>\n<p class=\"p1\"><span class=\"s1\">Il faut dire que peu misaient sur la victoire du TAS face au Hassania d\u2019Agadir en cette m\u00e9morable finale qui s\u2019est tenue au Complexe sportif d\u2019honneur d\u2019Oujda. Le pensionnaire de la D2 a eu raison de l\u2019ogre gadiri qui avait tous les pronostics en sa faveur. Mais la Coupe du Tr\u00f4ne reste fid\u00e8le \u00e0 elle-m\u00eame et aux nombreuses surprises qu\u2019elle enfante.\u00a0<\/span><\/p>\n<p class=\"p1\"><span class=\"s1\">Le TAS a ainsi r\u00e9ussi l\u2019exploit d\u2019inscrire son nom au palmar\u00e8s de cette comp\u00e9tition \u00e0 l\u2019issue d\u2019une finale ouverte et \u00e9quilibr\u00e9e. D\u00e8s la 14\u00e8 minute, les Gadiris ont ouvert le score par le biais du S\u00e9n\u00e9galais Malik Ciss\u00e9 mais la r\u00e9action ne s\u2019est pas fait attendre puisque l\u2019attaquant du TAS Oussama El Mellioui a remis les pendules \u00e0 l\u2019heure trois minutes plus tard seulement.<\/span><\/p>\n<p class=\"p1\"><span class=\"s1\">En seconde p\u00e9riode, les hommes de Mustapha El Asri vont prendre l\u2019avantage gr\u00e2ce \u00e0 El Mellioui qui a sign\u00e9 un doubl\u00e9 en transformant un penalty siffl\u00e9 par l\u2019arbitre de la rencontre Adil Zourak apr\u00e8s recours \u00e0 la technique d\u2019Assistance vid\u00e9o \u00e0 l\u2019arbitrage. Apr\u00e8s avoir \u00e9vinc\u00e9 le club entra\u00een\u00e9 par Badou Zaki, les joueurs du club du TAS ont r\u00e9alis\u00e9 leur r\u00eave en s\u2019adjugeant le titre \u00e0 l\u2019instar d\u2019autres \u00e9quipes de la deuxi\u00e8me division, notamment le Moghreb de F\u00e8s en 2016 aux d\u00e9pens de l\u2019Olympic de Safi, l\u2019AS FAR (1958-1959), la Centrale Laiti\u00e8re Association Sportive en 1983 et le Majd Al Madina en 2000. Avant d\u2019atteindre la finale, le TAS a d\u00fb battre, lors du tour pr\u00e9liminaire, Chabab Al Massira, avant de venir \u00e0 bout au premier tour du Kawkab de Marrakech et l\u2019Olympique de Dcheira. En quart de finale, le club casablancais a battu le Tihad Zemmouri Khemisset, avant d\u2019\u00e9carter le Difa\u00e2 d\u2019El Jadida en demi-finale.<\/span><\/p>\n<p class=\"p1\"><span class=\"s1\">L\u2019entra\u00eeneur du TAS, Mustapha Laasri, s\u2019est exprim\u00e9 lors d\u2019une conf\u00e9rence de presse \u00e0 l\u2019issue du match et a reconnu que <em>\u00able match \u00e9tait difficile mais l\u2019efficacit\u00e9 et la comp\u00e9titivit\u00e9 des joueurs du TAS au niveau de la d\u00e9fense, au milieu de terrain, comme au niveau de l\u2019attaque nous a permis de bien g\u00e9rer le match et de remporter une pr\u00e9cieuse victoire face \u00e0 un adversaire solide\u00bb.<br \/><\/em>Notons que ce sacre est le premier dans sa longue carri\u00e8re d\u2019entra\u00eeneur, il a estim\u00e9 que la VAR \u00e9tait juste avec le TAS et que cette victoire, bien m\u00e9rit\u00e9e, couronne les efforts d\u00e9ploy\u00e9s par les diff\u00e9rentes composantes de l\u2019\u00e9quipe.<\/span><\/p>\n<p class=\"p1\"><span class=\"s1\">De son c\u00f4t\u00e9, l\u2019entra\u00eeneur du Hassania d\u2019Agadir n\u2019a pas cach\u00e9 sa grande d\u00e9ception : <em>\u00abOn a rat\u00e9 une opportunit\u00e9 historique et je suis tr\u00e8s d\u00e9\u00e7u pour le r\u00e9sultat\u00bb. \u00abC\u2019est l\u2019un des moments les plus durs pour moi parce qu\u2019on a fait beaucoup d\u2019efforts pour arriver \u00e0 cette finale. Les joueurs se sont donn\u00e9s \u00e0 fond, mais ce n\u2019\u00e9tait pas vraiment notre jour et j\u2019assume la responsabilit\u00e9\u00bb<\/em>, a-t-il conclu.<\/span><\/p>\n<p class=\"p1\"><span class=\"s1\">Le TAS empochera ainsi la somme de 2,5 millions de dirhams de la part de la F\u00e9d\u00e9ration royale marocaine de football (FRMF). Le malheureux HUSA lui, empochera 1,5 million. De plus, le TAS jouera \u00e9galement la Coupe de la Conf\u00e9d\u00e9ration africaine gr\u00e2ce \u00e0 ce sacre historique.<\/span><\/p>\n<p class=\"p1\"><span class=\"s1\">Rappelons que la Coupe du Tr\u00f4ne de football (2017-2018) a \u00e9t\u00e9 remport\u00e9e par la Renaissance de Berkane (RSB), apr\u00e8s avoir battu en finale le Widad de F\u00e8s (WAF) aux tirs au but (3-2), au Complexe sportif Moulay Abdellah de Rabat.<\/span><\/p>\n<p><a href=\"http:\/\/aujourdhui.ma\/wp-content\/uploads\/2019\/11\/Supporter-TAS.jpg?x29840\"><img loading=\"lazy\" decoding=\"async\" class=\"size-full wp-image-323924 aligncenter\" src=\"http:\/\/aujourdhui.ma\/wp-content\/uploads\/2019\/11\/Supporter-TAS.jpg?x29840\" alt=\"\" width=\"716\" height=\"400\" srcset=\"http:\/\/aujourdhui.ma\/wp-content\/uploads\/2019\/11\/Supporter-TAS.jpg 716w, http:\/\/aujourdhui.ma\/wp-content\/uploads\/2019\/11\/Supporter-TAS-300x168.jpg 300w\" sizes=\"auto, (max-width: 716px) 100vw, 716px\"\/><\/a><\/p>\n<p>Auteur: ALM<br \/>\n<a href=\"http:\/\/aujourdhui.ma\/une\/hay-mohammadi-en-liesse-le-tas-realise-le-premier-exploit-de-son-histoire\">Cliquez ici pour lire l&rsquo;article depuis sa source.<\/a><\/p>\n","protected":false},"excerpt":{"rendered":"<p>Le 18 novembre 2019 demeurera une date que le Tihad Athletic Sport marquera d\u2019une pierre blanche et dont il s\u2019en souviendra \u00e0 tout jamais. Normal lorsqu\u2019on sait que ce club embl\u00e9matique de Casablanca a remport\u00e9 en cette date le premier titre de son histoire, qui de plus est la prestigieuse Coupe du Tr\u00f4ne mettant un [&hellip;]<\/p>\n","protected":false},"author":1759,"featured_media":0,"comment_status":"closed","ping_status":"closed","sticky":false,"template":"","format":"standard","meta":{"fifu_image_url":"","fifu_image_alt":"","footnotes":""},"categories":[73,54],"tags":[],"class_list":["post-67906","post","type-post","status-publish","format-standard","hentry","category-actualite","category-maroc"],"_links":{"self":[{"href":"https:\/\/linitiative.ca\/International\/wp-json\/wp\/v2\/posts\/67906","targetHints":{"allow":["GET"]}}],"collection":[{"href":"https:\/\/linitiative.ca\/International\/wp-json\/wp\/v2\/posts"}],"about":[{"href":"https:\/\/linitiative.ca\/International\/wp-json\/wp\/v2\/types\/post"}],"author":[{"embeddable":true,"href":"https:\/\/linitiative.ca\/International\/wp-json\/wp\/v2\/users\/1759"}],"replies":[{"embeddable":true,"href":"https:\/\/linitiative.ca\/International\/wp-json\/wp\/v2\/comments?post=67906"}],"version-history":[{"count":0,"href":"https:\/\/linitiative.ca\/International\/wp-json\/wp\/v2\/posts\/67906\/revisions"}],"wp:attachment":[{"href":"https:\/\/linitiative.ca\/International\/wp-json\/wp\/v2\/media?parent=67906"}],"wp:term":[{"taxonomy":"category","embeddable":true,"href":"https:\/\/linitiative.ca\/International\/wp-json\/wp\/v2\/categories?post=67906"},{"taxonomy":"post_tag","embeddable":true,"href":"https:\/\/linitiative.ca\/International\/wp-json\/wp\/v2\/tags?post=67906"}],"curies":[{"name":"wp","href":"https:\/\/api.w.org\/{rel}","templated":true}]}}