{"id":67907,"date":"2019-11-19T05:47:55","date_gmt":"2019-11-19T10:47:55","guid":{"rendered":"https:\/\/linitiative.ca\/International\/bolivie-les-dessous-du-complot-anti-morales\/"},"modified":"2019-11-19T05:47:55","modified_gmt":"2019-11-19T10:47:55","slug":"bolivie-les-dessous-du-complot-anti-morales","status":"publish","type":"post","link":"https:\/\/linitiative.ca\/International\/bolivie-les-dessous-du-complot-anti-morales\/","title":{"rendered":"Bolivie: Les dessous du complot anti-Morales\u2026"},"content":{"rendered":"<p class=\"has-text-color has-vivid-cyan-blue-color\"><strong>Dimanche dernier, Evo Morales qui pr\u00e9sidait aux destin\u00e9es de la Bolivie depuis quatorze ann\u00e9es, a d\u00e9missionn\u00e9 et pris le chemin de l\u2019exil \u00e0 bord d\u2019un avion militaire mexicain sous la pression de sa police et de son arm\u00e9e qui, au lieu de s\u2019atteler \u00e0 l\u2019ex\u00e9cution de leur mission premi\u00e8re, qui consiste \u00e0 assurer la paix et la s\u00e9curit\u00e9 dans le pays, ont rapidement outrepass\u00e9 leur r\u00f4le constitutionnel en se rangeant du c\u00f4t\u00e9 de l\u2019opposition.<\/strong><\/p>\n<p>Or, si l\u2019on se r\u00e9f\u00e8re \u00e0 une interview que l\u2019ancien pr\u00e9sident de Bolivie avait accord\u00e9 au quotidien fran\u00e7ais \u00abL\u2019humanit\u00e9\u00bb lors de sa visite \u00e0 Paris des 12 et 13 mars 2013 et dans laquelle il avait notamment d\u00e9clar\u00e9\u00a0: \u00abQ<em>uand je suis arriv\u00e9 au pouvoir, les multinationales recevaient 82% des revenus de nos mati\u00e8res premi\u00e8res et nous, 18%. Aujourd\u2019hui c\u2019est l\u2019inverse\u00a0! J\u2019ai fait ce qu\u2019il y avait \u00e0 faire pour mon peuple. J\u2019attends maintenant qu\u2019on m\u2019assassine comme ils l\u2019ont fait avec Ch\u00e1vez\u00a0!\u00bb, on est forc\u00e9 de reconna\u00eetre qu\u2019alors qu\u2019il s\u2019attendait au pire c\u2019est-\u00e0-dire \u00e0 son \u00e9limination physique le moment venu, Evo Morales a finalement\u00a0\u00a0emprunt\u00e9 la voie la plus salutaire : quitter le pouvoir sans y laisser la vie et \u2013 ce qui n\u2019est pas moins important \u2013 en faisant \u00e9viter au pays un bain de sang et une plong\u00e9e certaine dans les affres de cette guerre civile qui se profilait \u00e0 l\u2019horizon depuis que, sous son \u00e9gide, la Bolivie a emprunt\u00e9 la voie de ce socialisme latino-am\u00e9ricain tant honni par Washington et ses alli\u00e9s.<\/em><\/p>\n<p>S\u2019il est encore trop t\u00f4t pour d\u00e9terminer les responsabilit\u00e9s des uns et des autres dans le complot qui a conduit \u00e0 l\u2019\u00e9viction d\u2019Evo Morales qui, tout comme l\u2019ancien pr\u00e9sident v\u00e9n\u00e9zu\u00e9lien Hugo Chavez, r\u00eave d\u2019une Am\u00e9rique latine socialiste, il est clair, cependant, que ce coup d\u2019Etat \u00e9t\u00e9 men\u00e9 par les repr\u00e9sentants de l\u2019oligarchie \u00e9conomique, supr\u00e9maciste et \u00e9vang\u00e9liste de Santa-Cruz \u00e9paul\u00e9e par Washington en r\u00e9action contre sa politique de nationalisation des ressources naturelles \u2013 gaz et lithium notamment \u2013\u00a0\u00a0dont regorge le sous-sol bolivien\u00a0; ce qui, du reste, a fait dire au pr\u00e9sident d\u00e9chu, sur son compte Twitter, que ce\u00a0<em>\u00abcoup d\u2019Etat\u00a0(\u2026) est un complot politique et \u00e9conomique qui vient des Etats-Unis\u00bb.<\/em><\/p>\n<p>Luis Fernando Camacho, un des leaders de la contestation, a d\u00e9clar\u00e9 en envahissant le Palais pr\u00e9sidentiel\u00a0: \u00abPlus jamais la \u2018Pachamama\u2019 n\u2019entrera ici; la Bolivie est revenue au Christ\u00bb; une assertion qui a \u00e9t\u00e9 reprise par la nouvelle pr\u00e9sidente par int\u00e9rim autoproclam\u00e9e\u00a0Jeanine Anez\u00a0lorsqu\u2019elle s\u2019est \u00e9cri\u00e9, apr\u00e8s sa prestation de serment, que \u00abla Bible revient au Palais\u00a0\u00bb.<\/p>\n<p>Par de tels propos, les opposants \u00e0 l\u2019ancien chef de l\u2019Etat tiennent donc \u00e0 rappeler qu\u2019\u00e9tant donn\u00e9 son ascendance am\u00e9rindienne et le fait que dans la cosmogonie andine, pr\u00e9sente dans l\u2019espace correspondant \u00e0 l\u2019empire inca, la \u2018Pachamama\u2019 repr\u00e9sente la d\u00e9esse-terre, ce dernier avait coutume de pr\u00eater une oreille beaucoup plus attentive aux revendications culturelles et sociales des peuples indig\u00e8nes aff\u00e9rentes notamment \u00e0 la r\u00e9duction de la pauvret\u00e9, de l\u2019analphab\u00e9tisme et des in\u00e9galit\u00e9s qui les frappent plut\u00f4t qu\u2019aux dol\u00e9ances de la composante chr\u00e9tienne de la population et de porter, ainsi, atteinte \u00e0 la coh\u00e9sion de la soci\u00e9t\u00e9 bolivienne.<\/p>\n<p>Rappelant, enfin, dans son dernier message \u00e0 ses compatriotes, que tout au long de sa pr\u00e9sidence il n\u2019y a jamais eu aucune victime de la r\u00e9pression polici\u00e8re et qu\u2019il n\u2019a \u00abjamais demand\u00e9 aux forces arm\u00e9es d\u2019aller r\u00e9primer le peuple ni d\u2019instaurer de couvre-feu\u00bb\u00a0\u00a0alors que plusieurs personnes sont d\u00e9j\u00e0 tomb\u00e9es aux premiers jours du \u00abcoup d\u2019Etat civico-politico-policier\u00bb qui l\u2019a \u00e9cart\u00e9 du pouvoir, l\u2019ancien pr\u00e9sident Evo Morales a demand\u00e9 \u00e0 ses opposants Luis Fernando Camacho et Carlos Mesa de faire preuve de retenue et \u00abaux forces arm\u00e9es de ne pas se souiller en faisant couler le sang du peuple\u00bb.<\/p>\n<p>L\u2019ancien pr\u00e9sident de Bolivie sera-t-il \u00e9cout\u00e9 au nom de la pr\u00e9servation de la paix civile dans le pays alors que, pour bien marquer sa volont\u00e9 de liquider son h\u00e9ritage,\u00a0la pr\u00e9sidente par int\u00e9rim autoproclam\u00e9e, imm\u00e9diatement reconnue par Washington, s\u2019est empress\u00e9e de nommer un nouveau gouvernement comprenant des ministres issus, dans leur ensemble, de la droite bolivienne ? Aussi, le pire est-il \u00e0 craindre au vu notamment de la grande popularit\u00e9 chez les indig\u00e8nes de celui qui a \u00e9t\u00e9 \u00e9cart\u00e9 du pouvoir sans m\u00e9nagement et de la d\u00e9termination de ses partisans qui, en arborant par milliers dans les rues de la capitale, des \u00abwhipalas\u00bb \u2013 le drapeau des peuples indig\u00e8nes \u2013 ont scand\u00e9, \u00e0 l\u2019unisson, \u00ab\u00a0oui (\u00e0) une guerre civile\u00bb, une guerre civile qui, si elle venait \u00e0 \u00eatre d\u00e9clar\u00e9e, mettra incontestablement la Bolivie \u00e0 feu et \u00e0 sang alors m\u00eame que, pour lui barrer la voie, Evo Moralos a pr\u00e9f\u00e9r\u00e9 prendre le chemin de l\u2019exil. Alors, attendons pour voir\u2026<\/p>\n<p class=\"c2\"><strong>Nabil Bousaadi<\/strong><\/p>\n<p>Auteur: M&rsquo;hammed rahal<br \/>\n<a href=\"http:\/\/albayane.press.ma\/bolivie-les-dessous-du-complot-anti-morales.html\">Cliquez ici pour lire l&rsquo;article depuis sa source.<\/a><\/p>\n","protected":false},"excerpt":{"rendered":"<p>Dimanche dernier, Evo Morales qui pr\u00e9sidait aux destin\u00e9es de la Bolivie depuis quatorze ann\u00e9es, a d\u00e9missionn\u00e9 et pris le chemin de l\u2019exil \u00e0 bord d\u2019un avion militaire mexicain sous la pression de sa police et de son arm\u00e9e qui, au lieu de s\u2019atteler \u00e0 l\u2019ex\u00e9cution de leur mission premi\u00e8re, qui consiste \u00e0 assurer la paix [&hellip;]<\/p>\n","protected":false},"author":1760,"featured_media":0,"comment_status":"closed","ping_status":"closed","sticky":false,"template":"","format":"standard","meta":{"fifu_image_url":"","fifu_image_alt":"","footnotes":""},"categories":[73,54],"tags":[],"class_list":["post-67907","post","type-post","status-publish","format-standard","hentry","category-actualite","category-maroc"],"_links":{"self":[{"href":"https:\/\/linitiative.ca\/International\/wp-json\/wp\/v2\/posts\/67907","targetHints":{"allow":["GET"]}}],"collection":[{"href":"https:\/\/linitiative.ca\/International\/wp-json\/wp\/v2\/posts"}],"about":[{"href":"https:\/\/linitiative.ca\/International\/wp-json\/wp\/v2\/types\/post"}],"author":[{"embeddable":true,"href":"https:\/\/linitiative.ca\/International\/wp-json\/wp\/v2\/users\/1760"}],"replies":[{"embeddable":true,"href":"https:\/\/linitiative.ca\/International\/wp-json\/wp\/v2\/comments?post=67907"}],"version-history":[{"count":0,"href":"https:\/\/linitiative.ca\/International\/wp-json\/wp\/v2\/posts\/67907\/revisions"}],"wp:attachment":[{"href":"https:\/\/linitiative.ca\/International\/wp-json\/wp\/v2\/media?parent=67907"}],"wp:term":[{"taxonomy":"category","embeddable":true,"href":"https:\/\/linitiative.ca\/International\/wp-json\/wp\/v2\/categories?post=67907"},{"taxonomy":"post_tag","embeddable":true,"href":"https:\/\/linitiative.ca\/International\/wp-json\/wp\/v2\/tags?post=67907"}],"curies":[{"name":"wp","href":"https:\/\/api.w.org\/{rel}","templated":true}]}}