{"id":67909,"date":"2019-11-19T06:21:04","date_gmt":"2019-11-19T11:21:04","guid":{"rendered":"https:\/\/linitiative.ca\/International\/charte-de-deontologie-de-la-presse\/"},"modified":"2019-11-19T06:21:04","modified_gmt":"2019-11-19T11:21:04","slug":"charte-de-deontologie-de-la-presse","status":"publish","type":"post","link":"https:\/\/linitiative.ca\/International\/charte-de-deontologie-de-la-presse\/","title":{"rendered":"Charte de d\u00e9ontologie de la presse"},"content":{"rendered":"<p class=\"has-text-color has-vivid-red-color c2\"><strong>Le respect de l\u2019\u00e9thique comme levier de d\u00e9veloppement du journalisme<\/strong><\/p>\n<p class=\"has-text-color has-vivid-cyan-blue-color\"><strong>Le respect des r\u00e8gles d\u00e9ontologiques constitue l\u2019\u00e9pine dorsale de la pratique \u00a0de la profession de journaliste, ont soulign\u00e9 les participants \u00e0 la conf\u00e9rence organis\u00e9e vendredi\u00a015 novembre \u00e0 Casablanca par le Conseil national de la presse(CNP). Cette rencontre \u00e0 laquelle ont pris part plusieurs responsables d\u2019entreprises de presse, experts et acad\u00e9miciens, avait pour objectif de sensibiliser les professionnels quant \u00e0 l\u2019importance de l\u2019\u00e9laboration d\u2019une charte d\u00e9ontologique de la presse.<\/strong><\/p>\n<p>Prenant la parole, Noureddine Miftah, pr\u00e9sident de la commission de l\u2019entreprise de presse et de la mise \u00e0 niveau du secteur au sein du CNP, a indiqu\u00e9 que la mise en place de cette charte, qui est d\u2019ailleurs synonyme d\u2019un engagement moral, vise, en premier lieu, la consolidation du secteur de la presse en tant que relais de confiance au sein de la soci\u00e9t\u00e9. Le conf\u00e9rencier a \u00e9galement relev\u00e9 les difficult\u00e9s auxquelles sont confront\u00e9s les organes de presse qui exercent dans un climat difficile, \u00a0marqu\u00e9 plusieurs fragilit\u00e9s \u00e9conomiques et sociales.<\/p>\n<p>\u00abCe conseil, qui demeure le r\u00e9sultat d\u2019une exp\u00e9rience unique, se distingue du fait qu\u2019il n\u2019est pas seulement un organe d\u2019autor\u00e9gulation, mais ambitionne aussi de se positionner en tant que conseil \u00e9conomique et social du secteur\u00bb, a-t-il not\u00e9 en substance.<\/p>\n<p><strong>R\u00e9organiser le secteur sur des bases d\u00e9mocratiques<\/strong><\/p>\n<div class=\"wp-block-image\"><img loading=\"lazy\" decoding=\"async\" src=\"http:\/\/albayane.press.ma\/wp-content\/uploads\/3-31.jpg\" alt=\"\" class=\"wp-image-82928\" width=\"583\" height=\"345\"\/><\/div>\n<p>Pour l\u2019ancien pr\u00e9sident de la FMEJ, la pr\u00e9sentation de la charte a une haute port\u00e9e symbolique \u00e9tant donn\u00e9 que c\u2019est la premi\u00e8re fois que notre pays se dote d\u2019un tel document qui a la force de loi et qui s\u2019inspire des exp\u00e9riences universellement reconnues.<\/p>\n<p>De son c\u00f4t\u00e9, Younes Moujahid, pr\u00e9sident du CNP, a consid\u00e9r\u00e9 que la charte demeure un r\u00e9f\u00e9rentiel pour tous les professionnels, dont la finalit\u00e9 serait de r\u00e9organiser le secteur sur des bases d\u00e9mocratiques. D\u2019ailleurs, ce qui fait la sp\u00e9cificit\u00e9 du CNP par rapport \u00e0 d\u2019autres organes de r\u00e9gulation du pays, c\u2019est qu\u2019il s\u2019est vu attribuer les comp\u00e9tences d\u2019institutions de l\u2019Etat. Mais la mission n\u2019est pas du tout ais\u00e9e, a-t-il laiss\u00e9 entendre, d\u2019o\u00f9 la n\u00e9cessit\u00e9 de la mise en place de programmes de formations visant la sensibilisation des journalistes aux dispositions de la charte d\u00e9ontologique, a-t-il pr\u00e9cis\u00e9.<\/p>\n<p>Cela \u00e9tant, l\u2019immunisation de la profession passe de facto par la cons\u00e9cration des crit\u00e8res pr\u00e9cis et contractuels. Abondant dans le m\u00eame ordre d\u2019id\u00e9es, l\u2019ancien secr\u00e9taire g\u00e9n\u00e9ral du SNPM a fait savoir que le CNP est en train d\u2019\u00e9laborer un programme ambitieux pour la r\u00e9habilitation de l\u2019entreprise de presse et ce, \u00e0 travers la mise en place des mesures SMART, \u00e0 commencer par le lancement d\u2019une campagne nationale visant la promotion de la lecture,\u00a0 en passant par la cr\u00e9ation d\u2019une caisse nationale pour la lecture des journaux de presse, sans omettre \u00e9galement l\u2019\u00e9ducation aux m\u00e9dias en vue de lutter contre les fake news et l\u2019\u00e9laboration d\u2019une nouvelle convention collective entre les patrons de presse et les journalistes, entre autres, a-t-il clarifi\u00e9.<\/p>\n<p>Par ailleurs, Mohamed Selhami, pr\u00e9sident de la commission de d\u00e9ontologie de la profession et de la discipline, a mis l\u2019accent sur la n\u00e9cessit\u00e9 de l\u2019implication de tous les acteurs pour la concr\u00e9tisation des principes de la charte.\u00a0 \u00abIl s\u2019agit d\u2019une responsabilit\u00e9 partag\u00e9e n\u00e9cessitant l\u2019engagement de toutes les parties prenantes. L\u2019objectif escompt\u00e9 de la charte est de favoriser le d\u00e9bat entre les journalistes eux-m\u00eames et ce, sans aucun pouvoir de contr\u00f4le ou de m\u00e9diation\u00bb, a-t-il martel\u00e9.<\/p>\n<p>Et ce n\u2019est pas tout\u00a0! La charte vise \u00e9galement la d\u00e9fense de la libert\u00e9 d\u2019expression et le droit d\u2019acc\u00e8s \u00e0 l\u2019information aussi bien pour les journalistes que le grand public en se servant comme un filtre m\u00e9diatique voire une arme efficace contre l\u2019intox et les fausses informations. En termes plus clairs, \u00able journaliste n\u2019est point au-dessus de la loi. Il est cens\u00e9, conform\u00e9ment \u00e0 sa noble mission, de respecter la vie priv\u00e9e des personnes, leur dignit\u00e9, de m\u00eame que leur pr\u00e9somption d\u2019innocence\u00bb, a-t-il poursuivi. Autre point non moins important, a-t-il insist\u00e9, celui de la propri\u00e9t\u00e9 intellectuelle et de l\u2019\u00e9dition, soulignant dans ce sens que la lutte contre le plagiat figure au c\u0153ur des priorit\u00e9s du CNP afin de recr\u00e9dibiliser le secteur.\u00a0 \u00ab\u00a0Le journaliste est responsable, \u00e0 la fois, vis-\u00e0-vis de la soci\u00e9t\u00e9 et de ses comp\u00e8res\u00bb, a-t-il d\u00e9clar\u00e9.<\/p>\n<p><strong>La formation aux droits de l\u2019Homme<\/strong><\/p>\n<p>Sur un autre registre, Abdelouaheb Rami, professeur des m\u00e9dias, s\u2019est attel\u00e9 dans son intervention sur les finalit\u00e9s et les orientations\u00a0 philosophiques de la charte d\u00e9ontologique, en consid\u00e9rant que ce texte demeure un document juridique contraignant qui renforce\u00a0 les r\u00e8gles de l\u2019\u00e9thique professionnelle et de l\u2019engagement \u00e9ditorial et qui contient des mesures op\u00e9rationnelles visant la d\u00e9mocratisation de la profession.\u00a0 Cependant, le chercheur universitaire a appel\u00e9 \u00e0 l\u2019\u00e9largissement du concept de l\u2019\u00e9thique professionnelle pour que la responsabilit\u00e9 soit assum\u00e9e \u00e0 la fois par le r\u00e9dacteur en chef et les \u00e9diteurs. Selon lui, l\u2019ind\u00e9pendance du secteur de la presse requiert de faire preuve d\u2019une objectivit\u00e9 totale et que l\u2019information communiqu\u00e9e ne fasse nullement l\u2019objet de manipulation aussi bien pour le journaliste que les \u00e9diteurs\u00a0 de presse.<\/p>\n<p>Quant \u00e0 Jamila Seyouri, pr\u00e9sidente de l\u2019association \u00abAdala\u00bb,\u00a0 elle a relev\u00e9 certaines \u00abfaiblesses\u00bb de la charte, estimant que ce document n\u2019inclut pas les m\u00e9canismes n\u00e9cessaires assurant la protection du journaliste et le respect de sa dignit\u00e9. Pour elle, le texte de la charte accuse des lacunes, puisqu\u2019elle impose plus d\u2019obligations aux journalistes qu\u2019il ne leur accorde de droits.<\/p>\n<p>Pour elle, l\u2019implication du journaliste dans le Conseil de r\u00e9daction est un principe fondamental de la d\u00e9mocratisation des m\u00e9dias. Cela \u00e9tant,\u00a0 la mise en place des m\u00e9canismes participatifs est un enjeu crucial pour la libert\u00e9 de presse.<\/p>\n<p>Au final, Ali Karimi, professeur de droit public \u00e0 l\u2019Universit\u00e9 Hassan II \u00e0 Casablanca, a soulev\u00e9 la question de la formation des professionnels des m\u00e9dias en insistant sur le fait que le journaliste doit faire montre de prudence\u00a0 en maitrisant parfaitement\u00a0 ses sources d\u2019information\u00a0 comme l\u2019exigent les r\u00e8gles du professionnalisme. Ali Karimi a appel\u00e9 les responsables des instituts de presse \u00e0 introduire la mati\u00e8re des droits de l\u2019Homme dans les programmes de formation afin d\u2019aiguiser davantage leurs comp\u00e9tences professionnelles.<\/p>\n<p class=\"c3\"><strong>Khalid Darfaf<\/strong><\/p>\n<p>Auteur: M&rsquo;hammed rahal<br \/>\n<a href=\"http:\/\/albayane.press.ma\/charte-de-deontologie-de-la-presse.html\">Cliquez ici pour lire l&rsquo;article depuis sa source.<\/a><\/p>\n","protected":false},"excerpt":{"rendered":"<p>Le respect de l\u2019\u00e9thique comme levier de d\u00e9veloppement du journalisme Le respect des r\u00e8gles d\u00e9ontologiques constitue l\u2019\u00e9pine dorsale de la pratique \u00a0de la profession de journaliste, ont soulign\u00e9 les participants \u00e0 la conf\u00e9rence organis\u00e9e vendredi\u00a015 novembre \u00e0 Casablanca par le Conseil national de la presse(CNP). Cette rencontre \u00e0 laquelle ont pris part plusieurs responsables d\u2019entreprises [&hellip;]<\/p>\n","protected":false},"author":1760,"featured_media":67910,"comment_status":"closed","ping_status":"closed","sticky":false,"template":"","format":"standard","meta":{"fifu_image_url":"","fifu_image_alt":"","footnotes":""},"categories":[73,54],"tags":[],"class_list":["post-67909","post","type-post","status-publish","format-standard","has-post-thumbnail","hentry","category-actualite","category-maroc"],"_links":{"self":[{"href":"https:\/\/linitiative.ca\/International\/wp-json\/wp\/v2\/posts\/67909","targetHints":{"allow":["GET"]}}],"collection":[{"href":"https:\/\/linitiative.ca\/International\/wp-json\/wp\/v2\/posts"}],"about":[{"href":"https:\/\/linitiative.ca\/International\/wp-json\/wp\/v2\/types\/post"}],"author":[{"embeddable":true,"href":"https:\/\/linitiative.ca\/International\/wp-json\/wp\/v2\/users\/1760"}],"replies":[{"embeddable":true,"href":"https:\/\/linitiative.ca\/International\/wp-json\/wp\/v2\/comments?post=67909"}],"version-history":[{"count":0,"href":"https:\/\/linitiative.ca\/International\/wp-json\/wp\/v2\/posts\/67909\/revisions"}],"wp:featuredmedia":[{"embeddable":true,"href":"https:\/\/linitiative.ca\/International\/wp-json\/"}],"wp:attachment":[{"href":"https:\/\/linitiative.ca\/International\/wp-json\/wp\/v2\/media?parent=67909"}],"wp:term":[{"taxonomy":"category","embeddable":true,"href":"https:\/\/linitiative.ca\/International\/wp-json\/wp\/v2\/categories?post=67909"},{"taxonomy":"post_tag","embeddable":true,"href":"https:\/\/linitiative.ca\/International\/wp-json\/wp\/v2\/tags?post=67909"}],"curies":[{"name":"wp","href":"https:\/\/api.w.org\/{rel}","templated":true}]}}