{"id":67911,"date":"2019-11-19T06:38:12","date_gmt":"2019-11-19T11:38:12","guid":{"rendered":"https:\/\/linitiative.ca\/International\/%ef%bb%bfune-date-epique-dans-lhistoire-du-maroc\/"},"modified":"2019-11-19T06:38:12","modified_gmt":"2019-11-19T11:38:12","slug":"%ef%bb%bfune-date-epique-dans-lhistoire-du-maroc","status":"publish","type":"post","link":"https:\/\/linitiative.ca\/International\/%ef%bb%bfune-date-epique-dans-lhistoire-du-maroc\/","title":{"rendered":"\ufeffUne date \u00e9pique dans l\u2019Histoire du Maroc"},"content":{"rendered":"<p class=\"has-text-color has-vivid-red-color c2\"><strong>18 novembre, F\u00eate de l\u2019Ind\u00e9pendance<\/strong><\/p>\n<p class=\"has-text-color has-vivid-cyan-blue-color\"><strong>Baptis\u00e9s \u00abLes trois Glorieuses\u00bb, les 16-17 et 18 novembre ont marqu\u00e9 les lendemains de l\u2019ind\u00e9pendance du Maroc. Trois jours de f\u00eates successifs avaient \u00e9t\u00e9 institutionnalis\u00e9s pour immortaliser l\u2019\u00e9pop\u00e9e marqu\u00e9e par la symbiose entre feu Sa majest\u00e9 Mohammed V et le peuple marocain, qui allait pr\u00e9cipiter la fin du protectorat au Maroc.<\/strong><\/p>\n<p><strong>Ainsi, le 16 novembre \u00e9tait baptis\u00e9 \u00abjour du retour\u00bb, pour symboliser le retour, en 1955, de feu Mohammed V au pays, d\u00e9cid\u00e9 sciemment puisqu\u2019il correspondait \u00e0 l\u2019anniversaire de son intronisation en 1927, apr\u00e8s le d\u00e9c\u00e8s de son p\u00e8re, le sultan Moulay Youssef.<\/strong><\/p>\n<p><strong>Le 17 novembre, f\u00eate de \u00abl\u2019inbi\u00e2at\u00bb (la renaissance d\u2019un peuple et d\u2019une nation), \u00e0 son tour, \u00e9tait con\u00e7u pour redonner vie au Maroc ind\u00e9pendant qui reprend son destin en mains. La F\u00eate est ainsi prolong\u00e9e pour saluer les \u00a0ann\u00e9es de r\u00e9sistance et de soul\u00e8vement contre l\u2019occupation coloniale, notamment apr\u00e8s l\u2019exil forc\u00e9, le 20 ao\u00fbt 1953, du roi l\u00e9gitime.<\/strong><\/p>\n<p><strong>Le 18 novembre, \u00abF\u00eate de l\u2019Ind\u00e9pendance\u00bb, a \u00e9t\u00e9 choisie pour rappeler le retour du Roi lib\u00e9rateur et de la Famille royale d\u2019exil et l\u2019historique discours royal du 18 novembre 1955 dans lequel SM Mohammed V avait autoproclam\u00e9 l\u2019ind\u00e9pendance pour forcer la main aux autorit\u00e9s d\u2019occupation, face au chantage colonial de la France qui tergiversait et voulait maintenir, au prix d\u2019une r\u00e9pression sanglante du peuple marocain, son \u00abProtectorat\u00bb.<\/strong><\/p>\n<p><strong>C\u2019est ainsi que sont n\u00e9es les \u00abTrois Glorieuses\u00bb, qui font suite, notamment, au 20 ao\u00fbt, date d\u2019exil du roi patriote et de la famille royale, un \u00e9loignement qui aura dur\u00e9 plus de deux ann\u00e9es, en Corse et \u00e0 Madagascar.<\/strong><\/p>\n<p><strong>Les Trois Glorieuses, m\u00eame si elles ne sont plus c\u00e9l\u00e9br\u00e9es dans leur int\u00e9gralit\u00e9, constituent donc une date phare dans l\u2019Histoire du Maroc. Elles t\u00e9moignent, d\u2019abord, du grand sacrifice consenti par feu SM Mohammed V, par amour \u00e0 la Patrie, de choisir l\u2019exil \u00e0 la capitulation et \u00e0 la soumission aux ordres du colonisateur. En symbiose totale avec les aspirations du peuple marocain et de ses forces vives de l\u2019\u00e9poque, le P\u00e8re de la Nation a fait preuve d\u2019une fid\u00e9lit\u00e9 rarissime \u00e0 son peuple et \u00e0 sa patrie, soumettant la Famille royale aux affres de la d\u00e9position et de l\u2019exil. Cette fid\u00e9lit\u00e9 a constitu\u00e9 un v\u00e9ritable d\u00e9tonateur pour l\u2019accentuation de la lutte arm\u00e9e, men\u00e9e par le mouvement national, contre l\u2019occupant colonial qui exigeait le retour du Souverain et de la Famille royale.<\/strong><\/p>\n<p><strong>Elles constituent \u00e9galement la volont\u00e9 royale de faire rena\u00eetre le pays et de le mettre au travail pour poser les jalons du Maroc ind\u00e9pendant, en cr\u00e9ant les institutions de l\u2019Etat souverain et en lan\u00e7ant les grands travaux d\u2019\u00e9dification, notamment la fameuse \u00abRoute de l\u2019Unit\u00e9\u00bb, immortalis\u00e9e par SAR le prince h\u00e9ritier Hassan II, torse nu et pioche en mains pour participer \u00e0 l\u2019\u0153uvre collective de tout un pays.<\/strong><\/p>\n<p><strong>Ce sont de grands moments \u00e9piques qui retracent la lutte h\u00e9ro\u00efque du peuple, en symbiose avec la monarchie, pour rem\u00e9morer les soul\u00e8vements populaires et la lutte arm\u00e9e, \u00e0 travers le Maroc, pour r\u00e9clamer haut et fort<\/strong> <strong>le retour du Sultan Mohamed Ben Youssef et la fin du Protectorat<\/strong><strong>.<\/strong><\/p>\n<p><strong>Avec cet av\u00e8nement, c\u2019est le grand triomphe historique d\u2019un pays et de sa cause nationale, m\u00eame si le contenu politique et \u00e9conomique de la lib\u00e9ration du joug colonial n\u2019\u00e9tait ni complet ni suffisant.<\/strong><\/p>\n<p><strong>Mais le peuple marocain, comme le monde, auront retenu cette phrase du Souverain\u00a0: \u00abNous nous r\u00e9jouissons de pouvoir annoncer la fin du r\u00e9gime de tutelle et du protectorat et l\u2019av\u00e8nement de la libert\u00e9 et de l\u2019ind\u00e9pendance\u00bb\u2026<\/strong><\/p>\n<p><strong>Il faudra souligner<\/strong> <strong>le m\u00e9morisable\u00a0 accueil national, exceptionnel, qui a \u00e9t\u00e9 r\u00e9serv\u00e9 par le peuple \u00e0 son Roi et \u00e0 la famille royale, dans une symbiose populaire qui marquera la suite des \u00e9v\u00e9nements.<\/strong><\/p>\n<p><strong>Ainsi, le Maroc passera du \u00abpetit au grand jihad\u00bb, de l\u2019ind\u00e9pendance, \u00e0 l\u2019\u00e9dification d\u2019un Maroc ind\u00e9pendant et moderne.<\/strong><\/p>\n<p><strong>Feu SM Hassan II poursuivra l\u2019\u0153uvre de son d\u00e9funt p\u00e8re, le p\u00e8re de la Nation.<\/strong><\/p>\n<p><strong>Son r\u00e8gne sera\u00a0 ponctu\u00e9 par la grande \u00e9pop\u00e9e de la Marche Verte, le 6 novembre 1975, qui s\u2019inscrit dans la ligne droite de l\u2019action du p\u00e8re lib\u00e9rateur, pour parachever l\u2019ind\u00e9pendance nationale, gravement et fortement amput\u00e9e par le colonialisme franquiste. Aussi, gr\u00e2ce \u00e0 cette g\u00e9niale initiative, qui rappelle la non-violence pr\u00f4n\u00e9e par Ghandi, feu SM Hassan II a \u00e9bahi le monde par sa d\u00e9termination \u00e0 r\u00e9cup\u00e9rer nos provinces sahariennes rest\u00e9es, malgr\u00e9 l\u2019ind\u00e9pendance en 1956, sous le joug de l\u2019occupation espagnole, mais, aujourd\u2019hui, jouissant d\u2019un essor \u00e9conomique, social et culturel sans pr\u00e9c\u00e9dent.<\/strong><\/p>\n<p><strong>Et s\u2019il y a une principale le\u00e7on que le Maroc doit tirer de cette \u00e9pop\u00e9e, il faudra dire qu\u2019un peuple uni ne sera jamais vaincu et que la symbiose entre le Tr\u00f4ne et le peuple, par la voie de ses forces politiques responsables, est le secret de la victoire sur les convoitises \u00e9trang\u00e8res et de tous les d\u00e9fis \u00e0 relever.<\/strong><\/p>\n<p><strong>Aujourd\u2019hui, alors que le pays c\u00e9l\u00e8bre la F\u00eate de l\u2019Ind\u00e9pendance, et en souvenir des Trois Glorieuses, c\u2019est le m\u00eame esprit qui doit animer les Marocains.<\/strong><\/p>\n<p><strong>Avec le nouveau r\u00e8gne, il faudra poursuivre et r\u00e9ussir les grands chantiers de d\u00e9veloppement. Le Maroc de la modernit\u00e9 doit avancer s\u00e9rieusement sur des bases d\u00e9mocratiques saines, surtout en ces temps marqu\u00e9s par des essoufflements et des attitudes qui portent atteinte et ternissent l\u2019image du pays.<\/strong><\/p>\n<p><strong>SM le Roi Mohammed VI ne cesse de montrer du doigt les dysfonctionnements et les insuffisances auxquelles il faudra rem\u00e9dier afin que certains chantiers politiques, \u00e9conomiques et sociaux r\u00e9ussissent et feront progresser le pays.<\/strong><\/p>\n<p><strong>C\u2019est la meilleure mani\u00e8re pour c\u00e9l\u00e9brer cet \u00e9v\u00e9nement.<\/strong><\/p>\n<p class=\"c3\">Mohamed Khalil<\/p>\n<p>Auteur: M&rsquo;hammed rahal<br \/>\n<a href=\"http:\/\/albayane.press.ma\/%EF%BB%BFune-date-epique-dans-lhistoire-du-maroc.html\">Cliquez ici pour lire l&rsquo;article depuis sa source.<\/a><\/p>\n","protected":false},"excerpt":{"rendered":"<p>18 novembre, F\u00eate de l\u2019Ind\u00e9pendance Baptis\u00e9s \u00abLes trois Glorieuses\u00bb, les 16-17 et 18 novembre ont marqu\u00e9 les lendemains de l\u2019ind\u00e9pendance du Maroc. Trois jours de f\u00eates successifs avaient \u00e9t\u00e9 institutionnalis\u00e9s pour immortaliser l\u2019\u00e9pop\u00e9e marqu\u00e9e par la symbiose entre feu Sa majest\u00e9 Mohammed V et le peuple marocain, qui allait pr\u00e9cipiter la fin du protectorat au [&hellip;]<\/p>\n","protected":false},"author":1760,"featured_media":0,"comment_status":"closed","ping_status":"closed","sticky":false,"template":"","format":"standard","meta":{"fifu_image_url":"","fifu_image_alt":"","footnotes":""},"categories":[73,54],"tags":[],"class_list":["post-67911","post","type-post","status-publish","format-standard","hentry","category-actualite","category-maroc"],"_links":{"self":[{"href":"https:\/\/linitiative.ca\/International\/wp-json\/wp\/v2\/posts\/67911","targetHints":{"allow":["GET"]}}],"collection":[{"href":"https:\/\/linitiative.ca\/International\/wp-json\/wp\/v2\/posts"}],"about":[{"href":"https:\/\/linitiative.ca\/International\/wp-json\/wp\/v2\/types\/post"}],"author":[{"embeddable":true,"href":"https:\/\/linitiative.ca\/International\/wp-json\/wp\/v2\/users\/1760"}],"replies":[{"embeddable":true,"href":"https:\/\/linitiative.ca\/International\/wp-json\/wp\/v2\/comments?post=67911"}],"version-history":[{"count":0,"href":"https:\/\/linitiative.ca\/International\/wp-json\/wp\/v2\/posts\/67911\/revisions"}],"wp:attachment":[{"href":"https:\/\/linitiative.ca\/International\/wp-json\/wp\/v2\/media?parent=67911"}],"wp:term":[{"taxonomy":"category","embeddable":true,"href":"https:\/\/linitiative.ca\/International\/wp-json\/wp\/v2\/categories?post=67911"},{"taxonomy":"post_tag","embeddable":true,"href":"https:\/\/linitiative.ca\/International\/wp-json\/wp\/v2\/tags?post=67911"}],"curies":[{"name":"wp","href":"https:\/\/api.w.org\/{rel}","templated":true}]}}