{"id":67912,"date":"2019-11-19T06:57:05","date_gmt":"2019-11-19T11:57:05","guid":{"rendered":"https:\/\/linitiative.ca\/International\/vague-de-froid-dans-les-zones-montagneuses\/"},"modified":"2019-11-19T06:57:05","modified_gmt":"2019-11-19T11:57:05","slug":"vague-de-froid-dans-les-zones-montagneuses","status":"publish","type":"post","link":"https:\/\/linitiative.ca\/International\/vague-de-froid-dans-les-zones-montagneuses\/","title":{"rendered":"Vague de froid dans les zones montagneuses"},"content":{"rendered":"<p class=\"has-text-color has-vivid-red-color c2\"><strong>Au-del\u00e0 des simples alertes, il est temps d\u2019agir sur le terrain<\/strong><\/p>\n<p class=\"has-text-color has-vivid-cyan-blue-color\"><strong>Il suffit que les premi\u00e8res tomb\u00e9es de neige arrivent \u00a0pour que les autorit\u00e9s d\u00e9cident de se r\u00e9unir pour donner de nouvelles instructions et mettre en place une s\u00e9rie de mesures pour venir, dans la mesure du possible, aux populations des r\u00e9gions montagneuses.\u00a0 A d\u00e9faut de\u00a0 m\u00e9canismes appropri\u00e9s et de r\u00e9elles strat\u00e9gies de d\u00e9veloppement \u00e9conomique et social, l\u2019on assiste au d\u00e9but de chaque saison hivernale \u00e0 la distribution de bois de chauffage, de couvertures et de denr\u00e9es alimentaires.<\/strong><\/p>\n<p>Les zones montagneuses restent toujours des zones tr\u00e8s vuln\u00e9rables et des plus pauvres malgr\u00e9 leurs richesses naturelles. Leur contribution directe au PIB reste limit\u00e9e, ne d\u00e9passant pas 5% s\u2019il en croit les chiffres relat\u00e9s dans le dernier rapport du Conseil \u00e9conomique, social et environnemental\u00a0 (CESE).<\/p>\n<p>Une r\u00e9union a \u00e9t\u00e9 tenue vendredi dernier par le comit\u00e9 de veille et de suivi de plusieurs provinces du Maroc \u00a0pour\u00a0 pr\u00e9senter les mesures propos\u00e9es pour faire face aux effets de la vague de froid dans les zones montagneuses. Les mesures varient d\u2019une province \u00e0 l\u2019autre selon qu\u2019il s\u2019agisse d\u2019Ifrane, Al Hoceima, Azilal ou encore de Khenifra et bien d\u2019autres provinces. Globalement, les principales mesures portent sur l\u2019approvisionnement\u00a0 en denr\u00e9es alimentaires et de fourrages, en couvertures et en bois et fours en plus d\u2019assistance m\u00e9dicale selon les cas d\u2019urgence. A cela s\u2019ajoute les secours via les h\u00e9licopt\u00e8res et la mise \u00e0 disposition des \u00a0machines de d\u00e9neigement des routes bloqu\u00e9es par\u00a0 la neige.<\/p>\n<p>D\u2019autres actions sont recommand\u00e9es. C\u2019est le cas de la pr\u00e9paration des centres d\u2019accueil et\u00a0 centres hospitaliers. Parall\u00e8lement, pr\u00e8s de 90 \u00e9tablissements scolaires seront dot\u00e9s de bois de chauffage \u00a0et pris en charge dans le cadre plan proactive engag\u00e9 pour venir en aide aux provinces situ\u00e9es dans les zones montagneuses. Les femmes enceintes et les personnes \u00e2g\u00e9es seront prises en charges pendant cette p\u00e9riode de vague de froid et basses temp\u00e9ratures.<\/p>\n<p>N\u00e9anmoins,\u00a0 il est regrettable de \u00a0voir que malgr\u00e9 la multiplicit\u00e9 des projets et des programmes gouvernementaux, ces zones n\u2019arrivent toujours pas \u00e0 d\u00e9passer\u00a0 et \u00e0 g\u00e9rer convenablement les contraintes climatiques qui les marquent en permanence.\u00a0 Les conditions de vie pour les populations qui y habitent sont de plus en plus difficiles. On se rappelle des recommandations du CESE d\u2019une strat\u00e9gie \u00a0de d\u00e9veloppement transversal\u00a0 \u00e0 m\u00eame de permettre un d\u00e9veloppement durable, social et \u00e9conomique et d\u2019assurer une protection de l\u2019environnement et une bonne gestion des ressources naturelles de\u00a0 ces\u00a0 r\u00e9gions\u2026 l\u2019on s\u2019interroge aussi sur la mise en ouvre de ces recommandations depuis leurs \u00e9laborations ?<\/p>\n<p class=\"c3\"><strong>Fairouz El Mouden<\/strong><\/p>\n<p>Auteur: M&rsquo;hammed rahal<br \/>\n<a href=\"http:\/\/albayane.press.ma\/vague-de-froid-dans-les-zones-montagneuses.html\">Cliquez ici pour lire l&rsquo;article depuis sa source.<\/a><\/p>\n","protected":false},"excerpt":{"rendered":"<p>Au-del\u00e0 des simples alertes, il est temps d\u2019agir sur le terrain Il suffit que les premi\u00e8res tomb\u00e9es de neige arrivent \u00a0pour que les autorit\u00e9s d\u00e9cident de se r\u00e9unir pour donner de nouvelles instructions et mettre en place une s\u00e9rie de mesures pour venir, dans la mesure du possible, aux populations des r\u00e9gions montagneuses.\u00a0 A d\u00e9faut [&hellip;]<\/p>\n","protected":false},"author":1760,"featured_media":0,"comment_status":"closed","ping_status":"closed","sticky":false,"template":"","format":"standard","meta":{"fifu_image_url":"","fifu_image_alt":"","footnotes":""},"categories":[73,54],"tags":[],"class_list":["post-67912","post","type-post","status-publish","format-standard","hentry","category-actualite","category-maroc"],"_links":{"self":[{"href":"https:\/\/linitiative.ca\/International\/wp-json\/wp\/v2\/posts\/67912","targetHints":{"allow":["GET"]}}],"collection":[{"href":"https:\/\/linitiative.ca\/International\/wp-json\/wp\/v2\/posts"}],"about":[{"href":"https:\/\/linitiative.ca\/International\/wp-json\/wp\/v2\/types\/post"}],"author":[{"embeddable":true,"href":"https:\/\/linitiative.ca\/International\/wp-json\/wp\/v2\/users\/1760"}],"replies":[{"embeddable":true,"href":"https:\/\/linitiative.ca\/International\/wp-json\/wp\/v2\/comments?post=67912"}],"version-history":[{"count":0,"href":"https:\/\/linitiative.ca\/International\/wp-json\/wp\/v2\/posts\/67912\/revisions"}],"wp:attachment":[{"href":"https:\/\/linitiative.ca\/International\/wp-json\/wp\/v2\/media?parent=67912"}],"wp:term":[{"taxonomy":"category","embeddable":true,"href":"https:\/\/linitiative.ca\/International\/wp-json\/wp\/v2\/categories?post=67912"},{"taxonomy":"post_tag","embeddable":true,"href":"https:\/\/linitiative.ca\/International\/wp-json\/wp\/v2\/tags?post=67912"}],"curies":[{"name":"wp","href":"https:\/\/api.w.org\/{rel}","templated":true}]}}