{"id":67913,"date":"2019-11-19T13:04:07","date_gmt":"2019-11-19T18:04:07","guid":{"rendered":"https:\/\/linitiative.ca\/International\/dun-univers-a-un-autre-nouvelle-exposition-de-khaled-rochdi-bessaih\/"},"modified":"2019-11-19T13:04:07","modified_gmt":"2019-11-19T18:04:07","slug":"dun-univers-a-un-autre-nouvelle-exposition-de-khaled-rochdi-bessaih","status":"publish","type":"post","link":"https:\/\/linitiative.ca\/International\/dun-univers-a-un-autre-nouvelle-exposition-de-khaled-rochdi-bessaih\/","title":{"rendered":"\u00ab\u00a0D&rsquo;un univers \u00e0 un autre\u00a0\u00bb, nouvelle exposition de Khaled Rochdi Bessaih\u00a0\u00a0\u00a0"},"content":{"rendered":"<div readability=\"35\">\n<p><strong>ALGER- Une exposition de peinture revisitant l&rsquo;univers\u00a0figuratif du peintre italien Amadeo Modigliani (1884-1920) avec une touche\u00a0contemporaine et une palette chatoyante, mont\u00e9e par le plasticien alg\u00e9rien\u00a0Khaled Rochdi Bessaih se poursuit jusqu&rsquo;au 25 novembre \u00e0 Alger.<\/strong><\/p>\n<\/div>\n<div readability=\"69.5\">\n<p>Organis\u00e9e par l&rsquo;Agence alg\u00e9rienne pour le rayonnement culturel (Aarc) la\u00a0nouvelle exposition du plasticien, intitul\u00e9e \u00ab\u00a0D&rsquo;un univers \u00e0 un autre\u00a0\u00bb se\u00a0tient \u00e0 la villa Dar Abdeltif.<\/p>\n<blockquote readability=\"12\">\n<p><em><strong>Formes \u00e9tir\u00e9es, visages sans regards ou d\u00e9construits constituent\u00a0l&rsquo;essentiel de cette exposition qui puise son inspiration dans l&rsquo;\u0153uvre du\u00a0peintre italien, un des symboles de l&rsquo;art moderne, en optant pour de\u00a0nouveaux mod\u00e8les, une palette de couleurs chaudes et chatoyantes et une\u00a0pr\u00e9cision assimil\u00e9e aujourd&rsquo;hui \u00e0 l&rsquo;art num\u00e9rique.<\/strong><\/em><\/p>\n<\/blockquote>\n<p>Dans ses \u0153uvres, Khaled Rochdi Bessaih s&rsquo;inspire lui aussi des masques\u00a0propres au th\u00e9\u00e2tre italien qu&rsquo;il d\u00e9construit pour r\u00e9assembler des visages \u00e0\u00a0la sym\u00e9trie invers\u00e9e ou en fragments \u00e9voquant un miroir bris\u00e9, tout en\u00a0reproduisant des mod\u00e8les f\u00e9minins occidentaux des ann\u00e9es 1920 et en restant\u00a0fid\u00e8le au costumes et accessoires.<\/p>\n<blockquote readability=\"8\">\n<p><em><strong>Des portraits de marins\u00a0\u00e0 la t\u00eate \u00e9tir\u00e9e, de clowns au cou disproportionn\u00e9\u00a0ou encore de femmes portant la touche \u00e9tir\u00e9e et d\u00e9cal\u00e9e de Modigliani\u00a0constituent l&rsquo;essentiel de cette exposition se distingue par un grand\u00a0travail sur la couleur.<\/strong><\/em><\/p>\n<\/blockquote>\n<p>La majeure partie des figures propos\u00e9es sont \u00e9galement issues de \u00ab\u00a0Peinture\u00a0en po\u00e9sie\u00a0\u00bb, une pr\u00e9c\u00e9dente exposition de l&rsquo;artiste en 2016.<\/p>\n<blockquote readability=\"8\">\n<p><em><strong>Ces tableaux \u00e9voquent toujours un comportement, une attitude, un malaise\u00a0ou un sentiment et non des personnages physiques.<\/strong><\/em><\/p>\n<\/blockquote>\n<p>Quelques \u0153uvres, inspir\u00e9es de mangas et de la bande dessin\u00e9e, issues de\u00a0pr\u00e9c\u00e9dentes expositions de l&rsquo;artiste, sont \u00e9galement expos\u00e9es.<\/p>\n<p>Dipl\u00f4m\u00e9 en droit et plasticien autodidacte, Khaled Rochdi Bessaih compte \u00e0\u00a0son actif trois expositions individuelles en Alg\u00e9rie. Il est \u00e9galement\u00a0sculpteur et musicien.<\/p>\n<p>Inaugur\u00e9e samedi, l&rsquo;exposition \u00ab\u00a0D&rsquo;un univers \u00e0 un autre\u00a0\u00bb, est ouverte aux\u00a0visiteurs jusqu&rsquo;au 25 novembre \u00e0 la villa Dar Abdelatif \u00e0 Alger.<\/p>\n<\/div>\n<p>Auteur:<br \/>\n<a href=\"http:\/\/www.aps.dz\/culture\/97711-d-un-univers-a-un-autre-nouvelle-exposition-de-khaled-rochdi-bessaih\">Cliquez ici pour lire l&rsquo;article depuis sa source.<\/a><\/p>\n","protected":false},"excerpt":{"rendered":"<p>ALGER- Une exposition de peinture revisitant l&rsquo;univers\u00a0figuratif du peintre italien Amadeo Modigliani (1884-1920) avec une touche\u00a0contemporaine et une palette chatoyante, mont\u00e9e par le plasticien alg\u00e9rien\u00a0Khaled Rochdi Bessaih se poursuit jusqu&rsquo;au 25 novembre \u00e0 Alger. Organis\u00e9e par l&rsquo;Agence alg\u00e9rienne pour le rayonnement culturel (Aarc) la\u00a0nouvelle exposition du plasticien, intitul\u00e9e \u00ab\u00a0D&rsquo;un univers \u00e0 un autre\u00a0\u00bb se\u00a0tient \u00e0 [&hellip;]<\/p>\n","protected":false},"author":1790,"featured_media":0,"comment_status":"closed","ping_status":"closed","sticky":false,"template":"","format":"standard","meta":{"fifu_image_url":"","fifu_image_alt":"","footnotes":""},"categories":[53,79],"tags":[],"class_list":["post-67913","post","type-post","status-publish","format-standard","hentry","category-algerie","category-culture"],"_links":{"self":[{"href":"https:\/\/linitiative.ca\/International\/wp-json\/wp\/v2\/posts\/67913","targetHints":{"allow":["GET"]}}],"collection":[{"href":"https:\/\/linitiative.ca\/International\/wp-json\/wp\/v2\/posts"}],"about":[{"href":"https:\/\/linitiative.ca\/International\/wp-json\/wp\/v2\/types\/post"}],"author":[{"embeddable":true,"href":"https:\/\/linitiative.ca\/International\/wp-json\/wp\/v2\/users\/1790"}],"replies":[{"embeddable":true,"href":"https:\/\/linitiative.ca\/International\/wp-json\/wp\/v2\/comments?post=67913"}],"version-history":[{"count":0,"href":"https:\/\/linitiative.ca\/International\/wp-json\/wp\/v2\/posts\/67913\/revisions"}],"wp:attachment":[{"href":"https:\/\/linitiative.ca\/International\/wp-json\/wp\/v2\/media?parent=67913"}],"wp:term":[{"taxonomy":"category","embeddable":true,"href":"https:\/\/linitiative.ca\/International\/wp-json\/wp\/v2\/categories?post=67913"},{"taxonomy":"post_tag","embeddable":true,"href":"https:\/\/linitiative.ca\/International\/wp-json\/wp\/v2\/tags?post=67913"}],"curies":[{"name":"wp","href":"https:\/\/api.w.org\/{rel}","templated":true}]}}